{"id":26738,"date":"2018-11-29T19:56:44","date_gmt":"2018-11-29T19:56:44","guid":{"rendered":"http:\/\/www.federacaopaulistadefutsal.com.br\/novo\/?p=26738"},"modified":"2018-11-29T19:56:44","modified_gmt":"2018-11-29T19:56:44","slug":"inter-futsal-disputa-final-do-estadual-a1-serie-prata","status":"publish","type":"post","link":"https:\/\/www.federacaopaulistadefutsal.com.br\/novo\/inter-futsal-disputa-final-do-estadual-a1-serie-prata\/","title":{"rendered":"Inter Futsal disputa final do Estadual A1 S\u00e9rie Prata"},"content":{"rendered":"<p><span style=\"font-size: small;\">A equipe de futsal do Clube Internacional de Regatas, categoria sub-12, ir\u00e1 disputar a final do Campeonato Estadual A1 Menores S\u00e9rie Prata, realizado pela FPFS.<\/span><\/p>\n<p><span style=\"font-size: small;\">Sob o comando do t\u00e9cnico Ant\u00f4nio Carlos Nunes, o Tonho, a Equipe Vermelhinha brigar\u00e1 pelo t\u00edtulo contra o S\u00e3o Paulo Futebol Clube no dia 2 de dezembro (domingo), a partir das 14h30, no gin\u00e1sio Presidente Ciro II.\u00a0<\/span><span style=\"font-size: small;\">Eles garantiram classifica\u00e7\u00e3o ap\u00f3s derrotarem o Barueri Futsal com o placar de 4 a 1. Os gols foram marcados pelos atletas Guilherme Caramez, Nicolas Oliveira e Kaue Rodriguez (2).\u00a0<\/span><\/p>\n<p><span style=\"font-size: small;\">\u201cParab\u00e9ns \u00e0 comiss\u00e3o t\u00e9cnica, aos atletas e aos pais do nosso Vermelhinho. Esse resultado se deve ao trabalho e dedica\u00e7\u00e3o de todos\u201d, destacou o t\u00e9cnico Tonho.<\/span><\/p>\n","protected":false},"excerpt":{"rendered":"<p>A equipe de futsal do Clube Internacional de Regatas, categoria sub-12, ir\u00e1 disputar a final do Campeonato Estadual A1 Menores<\/p>\n","protected":false},"author":2,"featured_media":26740,"comment_status":"open","ping_status":"open","sticky":false,"template":"","format":"standard","meta":{"footnotes":""},"categories":[8,2651],"tags":[976,42,2285,2339],"class_list":["post-26738","post","type-post","status-publish","format-standard","has-post-thumbnail","hentry","category-estadual-base-a1","category-noticias","tag-estadual-a1","tag-fpfs","tag-serie-prata","tag-sub-12"],"_links":{"self":[{"href":"https:\/\/www.federacaopaulistadefutsal.com.br\/novo\/wp-json\/wp\/v2\/posts\/26738","targetHints":{"allow":["GET"]}}],"collection":[{"href":"https:\/\/www.federacaopaulistadefutsal.com.br\/novo\/wp-json\/wp\/v2\/posts"}],"about":[{"href":"https:\/\/www.federacaopaulistadefutsal.com.br\/novo\/wp-json\/wp\/v2\/types\/post"}],"author":[{"embeddable":true,"href":"https:\/\/www.federacaopaulistadefutsal.com.br\/novo\/wp-json\/wp\/v2\/users\/2"}],"replies":[{"embeddable":true,"href":"https:\/\/www.federacaopaulistadefutsal.com.br\/novo\/wp-json\/wp\/v2\/comments?post=26738"}],"version-history":[{"count":1,"href":"https:\/\/www.federacaopaulistadefutsal.com.br\/novo\/wp-json\/wp\/v2\/posts\/26738\/revisions"}],"predecessor-version":[{"id":26739,"href":"https:\/\/www.federacaopaulistadefutsal.com.br\/novo\/wp-json\/wp\/v2\/posts\/26738\/revisions\/26739"}],"wp:featuredmedia":[{"embeddable":true,"href":"https:\/\/www.federacaopaulistadefutsal.com.br\/novo\/wp-json\/wp\/v2\/media\/26740"}],"wp:attachment":[{"href":"https:\/\/www.federacaopaulistadefutsal.com.br\/novo\/wp-json\/wp\/v2\/media?parent=26738"}],"wp:term":[{"taxonomy":"category","embeddable":true,"href":"https:\/\/www.federacaopaulistadefutsal.com.br\/novo\/wp-json\/wp\/v2\/categories?post=26738"},{"taxonomy":"post_tag","embeddable":true,"href":"https:\/\/www.federacaopaulistadefutsal.com.br\/novo\/wp-json\/wp\/v2\/tags?post=26738"}],"curies":[{"name":"wp","href":"https:\/\/api.w.org\/{rel}","templated":true}]}}