{"id":26805,"date":"2018-12-02T21:31:05","date_gmt":"2018-12-02T21:31:05","guid":{"rendered":"http:\/\/www.federacaopaulistadefutsal.com.br\/novo\/?p=26805"},"modified":"2018-12-02T21:36:52","modified_gmt":"2018-12-02T21:36:52","slug":"em-mais-uma-final-sao-paulo-fatura-mais-um-titulo-do-estadual-a1-serie-prata","status":"publish","type":"post","link":"https:\/\/www.federacaopaulistadefutsal.com.br\/novo\/em-mais-uma-final-sao-paulo-fatura-mais-um-titulo-do-estadual-a1-serie-prata\/","title":{"rendered":"Em mais uma final, S\u00e3o Paulo fatura t\u00edtulo do Estadual A1 S\u00e9rie Prata"},"content":{"rendered":"<p>Na final da categoria sub-12 do Estadual A1 S\u00e9rie Prata, se enfrentaram S\u00e3o Paulo e C. Internacional de Regatas, no gin\u00e1sio Presidente Ciro II na tarde deste domingo.<\/p>\n<p>Novamente decidindo t\u00edtulo, o tricolor foi superior ao advers\u00e1rio e conquistou mais um t\u00edtulo do Estadual. Os garotos do sub-12 s\u00e3o-paulinos venceram por 2 a 0.<\/p>\n<p>Giovani e Luis Felipe marcaram e garantiram o trof\u00e9u para o S\u00e3o Paulo.<\/p>\n<p><img fetchpriority=\"high\" decoding=\"async\" class=\"wp-image-26807 aligncenter\" src=\"http:\/\/www.federacaopaulistadefutsal.com.br\/novo\/wp-content\/uploads\/2018\/12\/474404a5-087a-40e3-b92e-198ef3d70aea-1024x683.jpg\" alt=\"\" width=\"546\" height=\"364\" srcset=\"https:\/\/www.federacaopaulistadefutsal.com.br\/novo\/wp-content\/uploads\/2018\/12\/474404a5-087a-40e3-b92e-198ef3d70aea-1024x683.jpg 1024w, https:\/\/www.federacaopaulistadefutsal.com.br\/novo\/wp-content\/uploads\/2018\/12\/474404a5-087a-40e3-b92e-198ef3d70aea-300x200.jpg 300w, https:\/\/www.federacaopaulistadefutsal.com.br\/novo\/wp-content\/uploads\/2018\/12\/474404a5-087a-40e3-b92e-198ef3d70aea-768x512.jpg 768w, https:\/\/www.federacaopaulistadefutsal.com.br\/novo\/wp-content\/uploads\/2018\/12\/474404a5-087a-40e3-b92e-198ef3d70aea.jpg 1080w\" sizes=\"(max-width: 546px) 100vw, 546px\" \/><\/p>\n","protected":false},"excerpt":{"rendered":"<p>Na final da categoria sub-12 do Estadual A1 S\u00e9rie Prata, se enfrentaram S\u00e3o Paulo e C. Internacional de Regatas, no<\/p>\n","protected":false},"author":2,"featured_media":26806,"comment_status":"open","ping_status":"open","sticky":false,"template":"","format":"standard","meta":{"footnotes":""},"categories":[8,2651],"tags":[976,42,2207,2286],"class_list":["post-26805","post","type-post","status-publish","format-standard","has-post-thumbnail","hentry","category-estadual-base-a1","category-noticias","tag-estadual-a1","tag-fpfs","tag-sao-paulo","tag-serie-prata-a1"],"_links":{"self":[{"href":"https:\/\/www.federacaopaulistadefutsal.com.br\/novo\/wp-json\/wp\/v2\/posts\/26805","targetHints":{"allow":["GET"]}}],"collection":[{"href":"https:\/\/www.federacaopaulistadefutsal.com.br\/novo\/wp-json\/wp\/v2\/posts"}],"about":[{"href":"https:\/\/www.federacaopaulistadefutsal.com.br\/novo\/wp-json\/wp\/v2\/types\/post"}],"author":[{"embeddable":true,"href":"https:\/\/www.federacaopaulistadefutsal.com.br\/novo\/wp-json\/wp\/v2\/users\/2"}],"replies":[{"embeddable":true,"href":"https:\/\/www.federacaopaulistadefutsal.com.br\/novo\/wp-json\/wp\/v2\/comments?post=26805"}],"version-history":[{"count":2,"href":"https:\/\/www.federacaopaulistadefutsal.com.br\/novo\/wp-json\/wp\/v2\/posts\/26805\/revisions"}],"predecessor-version":[{"id":26809,"href":"https:\/\/www.federacaopaulistadefutsal.com.br\/novo\/wp-json\/wp\/v2\/posts\/26805\/revisions\/26809"}],"wp:featuredmedia":[{"embeddable":true,"href":"https:\/\/www.federacaopaulistadefutsal.com.br\/novo\/wp-json\/wp\/v2\/media\/26806"}],"wp:attachment":[{"href":"https:\/\/www.federacaopaulistadefutsal.com.br\/novo\/wp-json\/wp\/v2\/media?parent=26805"}],"wp:term":[{"taxonomy":"category","embeddable":true,"href":"https:\/\/www.federacaopaulistadefutsal.com.br\/novo\/wp-json\/wp\/v2\/categories?post=26805"},{"taxonomy":"post_tag","embeddable":true,"href":"https:\/\/www.federacaopaulistadefutsal.com.br\/novo\/wp-json\/wp\/v2\/tags?post=26805"}],"curies":[{"name":"wp","href":"https:\/\/api.w.org\/{rel}","templated":true}]}}