{"id":26815,"date":"2018-12-03T15:25:52","date_gmt":"2018-12-03T15:25:52","guid":{"rendered":"http:\/\/www.federacaopaulistadefutsal.com.br\/novo\/?p=26815"},"modified":"2018-12-03T15:25:52","modified_gmt":"2018-12-03T15:25:52","slug":"c-e-penha-e-campeao-do-estadual-a1-serie-prata-no-sub-14","status":"publish","type":"post","link":"https:\/\/www.federacaopaulistadefutsal.com.br\/novo\/c-e-penha-e-campeao-do-estadual-a1-serie-prata-no-sub-14\/","title":{"rendered":"C.E. Penha \u00e9 campe\u00e3o do Estadual A1 S\u00e9rie Prata no sub-14"},"content":{"rendered":"<p>Ap\u00f3s\u00a0 vencer por 4 a 2 e eliminar nas semifinais o C. Internacional de Regatas, o C.E. Penha enfrentou na grande final do Campeonato Estadual A1 S\u00e9rie Prata a equipe do\u00a0<b>FAE\/OSASCO\/AUDAX<\/b>\u00a0, no gin\u00e1sio Presidente Ciro II, palco das finais da competi\u00e7\u00e3o.<\/p>\n<p>A categoria sub-14 do clube da Zona Leste de S\u00e3o Paulo entrou em quadra como mandante e com a vantagem de poder empatar, segundo o regulamento da competi\u00e7\u00e3o, que garantiria o t\u00edtulo.<\/p>\n<p>Fazendo valer o regulamento, o C.E. Penha empatou em 2 a 2 e assegurou o t\u00edtulo da S\u00e9rie Prata A1. Guilherme e Kauan garantiram os gols. Raul e Higor marcaram para os vice-campe\u00f5es.<\/p>\n<p><img fetchpriority=\"high\" decoding=\"async\" class=\"wp-image-26818 aligncenter\" src=\"http:\/\/www.federacaopaulistadefutsal.com.br\/novo\/wp-content\/uploads\/2018\/12\/47379786_186255092326874_8316912312791334912_n-1024x683.jpg\" alt=\"\" width=\"591\" height=\"394\" srcset=\"https:\/\/www.federacaopaulistadefutsal.com.br\/novo\/wp-content\/uploads\/2018\/12\/47379786_186255092326874_8316912312791334912_n-1024x683.jpg 1024w, https:\/\/www.federacaopaulistadefutsal.com.br\/novo\/wp-content\/uploads\/2018\/12\/47379786_186255092326874_8316912312791334912_n-300x200.jpg 300w, https:\/\/www.federacaopaulistadefutsal.com.br\/novo\/wp-content\/uploads\/2018\/12\/47379786_186255092326874_8316912312791334912_n-768x512.jpg 768w, https:\/\/www.federacaopaulistadefutsal.com.br\/novo\/wp-content\/uploads\/2018\/12\/47379786_186255092326874_8316912312791334912_n.jpg 1080w\" sizes=\"(max-width: 591px) 100vw, 591px\" \/><\/p>\n<p>&nbsp;<\/p>\n","protected":false},"excerpt":{"rendered":"<p>Ap\u00f3s\u00a0 vencer por 4 a 2 e eliminar nas semifinais o C. Internacional de Regatas, o C.E. Penha enfrentou na<\/p>\n","protected":false},"author":2,"featured_media":26817,"comment_status":"open","ping_status":"open","sticky":false,"template":"","format":"standard","meta":{"footnotes":""},"categories":[8,33,2651],"tags":[2677,976,42,2285],"class_list":["post-26815","post","type-post","status-publish","format-standard","has-post-thumbnail","hentry","category-estadual-base-a1","category-menores","category-noticias","tag-c-e-penha","tag-estadual-a1","tag-fpfs","tag-serie-prata"],"_links":{"self":[{"href":"https:\/\/www.federacaopaulistadefutsal.com.br\/novo\/wp-json\/wp\/v2\/posts\/26815","targetHints":{"allow":["GET"]}}],"collection":[{"href":"https:\/\/www.federacaopaulistadefutsal.com.br\/novo\/wp-json\/wp\/v2\/posts"}],"about":[{"href":"https:\/\/www.federacaopaulistadefutsal.com.br\/novo\/wp-json\/wp\/v2\/types\/post"}],"author":[{"embeddable":true,"href":"https:\/\/www.federacaopaulistadefutsal.com.br\/novo\/wp-json\/wp\/v2\/users\/2"}],"replies":[{"embeddable":true,"href":"https:\/\/www.federacaopaulistadefutsal.com.br\/novo\/wp-json\/wp\/v2\/comments?post=26815"}],"version-history":[{"count":1,"href":"https:\/\/www.federacaopaulistadefutsal.com.br\/novo\/wp-json\/wp\/v2\/posts\/26815\/revisions"}],"predecessor-version":[{"id":26819,"href":"https:\/\/www.federacaopaulistadefutsal.com.br\/novo\/wp-json\/wp\/v2\/posts\/26815\/revisions\/26819"}],"wp:featuredmedia":[{"embeddable":true,"href":"https:\/\/www.federacaopaulistadefutsal.com.br\/novo\/wp-json\/wp\/v2\/media\/26817"}],"wp:attachment":[{"href":"https:\/\/www.federacaopaulistadefutsal.com.br\/novo\/wp-json\/wp\/v2\/media?parent=26815"}],"wp:term":[{"taxonomy":"category","embeddable":true,"href":"https:\/\/www.federacaopaulistadefutsal.com.br\/novo\/wp-json\/wp\/v2\/categories?post=26815"},{"taxonomy":"post_tag","embeddable":true,"href":"https:\/\/www.federacaopaulistadefutsal.com.br\/novo\/wp-json\/wp\/v2\/tags?post=26815"}],"curies":[{"name":"wp","href":"https:\/\/api.w.org\/{rel}","templated":true}]}}