{"id":26839,"date":"2018-12-04T19:02:11","date_gmt":"2018-12-04T19:02:11","guid":{"rendered":"http:\/\/www.federacaopaulistadefutsal.com.br\/novo\/?p=26839"},"modified":"2018-12-04T19:45:36","modified_gmt":"2018-12-04T19:45:36","slug":"final-do-estadual-feminino-principal-comeca-a-ser-decidida-nesta-terca-feira-entre-sao-jose-e-taboao-da-serra","status":"publish","type":"post","link":"https:\/\/www.federacaopaulistadefutsal.com.br\/novo\/final-do-estadual-feminino-principal-comeca-a-ser-decidida-nesta-terca-feira-entre-sao-jose-e-taboao-da-serra\/","title":{"rendered":"Final do Estadual Feminino Principal come\u00e7a a ser decidida nesta ter\u00e7a-feira entre S\u00e3o Jos\u00e9 e Tabo\u00e3o da Serra"},"content":{"rendered":"<p>Na noite desta ter\u00e7a-feira (4), \u00e0s 19h30, acontece o primeiro jogo da final do Estadual Feminino Principal entre S\u00e3o Jos\u00e9 e Tabo\u00e3o da Serra. Atuais campe\u00e3s, as joseenses fazem o primeiro confronto em seus dom\u00ednios, no gin\u00e1sio T\u00eanis Clube.<\/p>\n<p>Vindo de cinco finais consecutivas e cinco t\u00edtulos, o time de S\u00e3o Jos\u00e9 dos Campos teve a segunda melhor campanha do torneio terminando na vice-lideran\u00e7a com 30 pontos. Na primeira fase acumulou nove vit\u00f3rias e tr\u00eas empates em 12 jogos disputados.<\/p>\n<p>&#8220;O objetivo \u00e9 fazer uma \u00f3tima partida para ajudar o time sair campe\u00e3o como nas finais anteriores&#8221;, comentou Let\u00edcia, campe\u00e3 da competi\u00e7\u00e3o na temporada passada com a M\u00e1quina Amarela. Sobre decidir fora de casa, a atleta disse.&#8221;N\u00e3o vejo dificuldade em jogar fora de casa, mas preferia jogar junto \u00e0 nossa torcida&#8221;.<\/p>\n<figure id=\"attachment_26843\" aria-describedby=\"caption-attachment-26843\" style=\"width: 558px\" class=\"wp-caption aligncenter\"><img fetchpriority=\"high\" decoding=\"async\" class=\" wp-image-26843\" src=\"http:\/\/www.federacaopaulistadefutsal.com.br\/novo\/wp-content\/uploads\/2018\/12\/47216646_2324714987559457_1799394226744590336_n-1.jpg\" alt=\"\" width=\"558\" height=\"358\" srcset=\"https:\/\/www.federacaopaulistadefutsal.com.br\/novo\/wp-content\/uploads\/2018\/12\/47216646_2324714987559457_1799394226744590336_n-1.jpg 836w, https:\/\/www.federacaopaulistadefutsal.com.br\/novo\/wp-content\/uploads\/2018\/12\/47216646_2324714987559457_1799394226744590336_n-1-300x192.jpg 300w, https:\/\/www.federacaopaulistadefutsal.com.br\/novo\/wp-content\/uploads\/2018\/12\/47216646_2324714987559457_1799394226744590336_n-1-768x492.jpg 768w\" sizes=\"(max-width: 558px) 100vw, 558px\" \/><figcaption id=\"caption-attachment-26843\" class=\"wp-caption-text\">Ala-esquerda, Let\u00edcia soma oito gols no Estadual.<\/figcaption><\/figure>\n<p>Do outro lado, o Tabo\u00e3o da Serra terminou a fase regular tamb\u00e9m de maneira invicta: em 12 jogos, 10 vit\u00f3rias e dois empates, obtendo a melhor campanha do torneio. Um dos destaques da equipe, a goleira Mari comentou sobre a expectativa para a final.<\/p>\n<p>&#8220;Cl\u00e1ssico contra o S\u00e3o Jos\u00e9 \u00e9 sempre um grande jogo, e jogar na casa delas \u00e9 bem desafiador, exige muita paci\u00eancia para nossa equipe. Espero que nossa equipe realize uma grande partida&#8221;, disse. Como o segundo jogo acontece em territ\u00f3rio do Tabo\u00e3o,\u00a0 a goleira tamb\u00e9m falou sobre uma poss\u00edvel igualdade no marcador como resultado final do jogo no interior de S\u00e3o Paulo.<\/p>\n<p>&#8220;Vamos em busca da vit\u00f3ria, mas voltar com um empate da casa delas n\u00e3o seria um resultado ruim. S\u00e3o duas grandes equipes e ser\u00e1 a primeira vez que o Tabo\u00e3o decide em casa&#8221;, finalizou.<\/p>\n<figure id=\"attachment_26842\" aria-describedby=\"caption-attachment-26842\" style=\"width: 575px\" class=\"wp-caption aligncenter\"><img decoding=\"async\" class=\"wp-image-26842\" src=\"http:\/\/www.federacaopaulistadefutsal.com.br\/novo\/wp-content\/uploads\/2018\/12\/47322983_326083804878301_4996154091852791808_n.jpg\" alt=\"\" width=\"575\" height=\"431\" \/><figcaption id=\"caption-attachment-26842\" class=\"wp-caption-text\">Mari, a segunda da direita para \u00e0 esquerda, al\u00e9m de defender as cores do Tabo\u00e3o da Serra, tamb\u00e9m \u00e9 goleira da sele\u00e7\u00e3o brasileira de futsal feminino<\/figcaption><\/figure>\n<p>&nbsp;<\/p>\n<p>&nbsp;<\/p>\n<p>&nbsp;<\/p>\n","protected":false},"excerpt":{"rendered":"<p>Na noite desta ter\u00e7a-feira (4), \u00e0s 19h30, acontece o primeiro jogo da final do Estadual Feminino Principal entre S\u00e3o Jos\u00e9<\/p>\n","protected":false},"author":2,"featured_media":26840,"comment_status":"open","ping_status":"open","sticky":false,"template":"","format":"standard","meta":{"footnotes":""},"categories":[25,26,32,2651,1,36],"tags":[439,981,1071,42,2202],"class_list":["post-26839","post","type-post","status-publish","format-standard","has-post-thumbnail","hentry","category-destaques","category-feminino","category-maiores","category-noticias","category-novidades","category-serie-unica-estatual-feminino","tag-c-a-taboao-da-serra","tag-estadual-feminino","tag-final","tag-fpfs","tag-sao-jose-futsal-feminino"],"_links":{"self":[{"href":"https:\/\/www.federacaopaulistadefutsal.com.br\/novo\/wp-json\/wp\/v2\/posts\/26839","targetHints":{"allow":["GET"]}}],"collection":[{"href":"https:\/\/www.federacaopaulistadefutsal.com.br\/novo\/wp-json\/wp\/v2\/posts"}],"about":[{"href":"https:\/\/www.federacaopaulistadefutsal.com.br\/novo\/wp-json\/wp\/v2\/types\/post"}],"author":[{"embeddable":true,"href":"https:\/\/www.federacaopaulistadefutsal.com.br\/novo\/wp-json\/wp\/v2\/users\/2"}],"replies":[{"embeddable":true,"href":"https:\/\/www.federacaopaulistadefutsal.com.br\/novo\/wp-json\/wp\/v2\/comments?post=26839"}],"version-history":[{"count":7,"href":"https:\/\/www.federacaopaulistadefutsal.com.br\/novo\/wp-json\/wp\/v2\/posts\/26839\/revisions"}],"predecessor-version":[{"id":26853,"href":"https:\/\/www.federacaopaulistadefutsal.com.br\/novo\/wp-json\/wp\/v2\/posts\/26839\/revisions\/26853"}],"wp:featuredmedia":[{"embeddable":true,"href":"https:\/\/www.federacaopaulistadefutsal.com.br\/novo\/wp-json\/wp\/v2\/media\/26840"}],"wp:attachment":[{"href":"https:\/\/www.federacaopaulistadefutsal.com.br\/novo\/wp-json\/wp\/v2\/media?parent=26839"}],"wp:term":[{"taxonomy":"category","embeddable":true,"href":"https:\/\/www.federacaopaulistadefutsal.com.br\/novo\/wp-json\/wp\/v2\/categories?post=26839"},{"taxonomy":"post_tag","embeddable":true,"href":"https:\/\/www.federacaopaulistadefutsal.com.br\/novo\/wp-json\/wp\/v2\/tags?post=26839"}],"curies":[{"name":"wp","href":"https:\/\/api.w.org\/{rel}","templated":true}]}}