{"id":26895,"date":"2018-12-05T22:38:15","date_gmt":"2018-12-05T22:38:15","guid":{"rendered":"http:\/\/www.federacaopaulistadefutsal.com.br\/novo\/?p=26895"},"modified":"2018-12-06T01:09:41","modified_gmt":"2018-12-06T01:09:41","slug":"taboao-da-serra-vence-em-sao-jose-dos-campos-e-precisa-de-um-empate-para-ficar-com-o-titulo-do-estadual-feminino-principal","status":"publish","type":"post","link":"https:\/\/www.federacaopaulistadefutsal.com.br\/novo\/taboao-da-serra-vence-em-sao-jose-dos-campos-e-precisa-de-um-empate-para-ficar-com-o-titulo-do-estadual-feminino-principal\/","title":{"rendered":"Tabo\u00e3o da Serra vence em S\u00e3o Jos\u00e9 dos Campos em jogo de ida da final do Estadual Feminino Principal"},"content":{"rendered":"<p>No primeiro jogo entre S\u00e3o Jos\u00e9 e Tabo\u00e3o da Serra, v\u00e1lido pela final do Estadual Principal, o elenco feminino do Cats viajou at\u00e9 S\u00e3o Jos\u00e9 dos Campos, interior de S\u00e3o Paulo, onde enfrentou as atuais campe\u00e3s da competi\u00e7\u00e3o no gin\u00e1sio T\u00eanis Clube.<\/p>\n<p>Surpreendendo as mandantes, as primeiras colocadas na primeira fase da competi\u00e7\u00e3o venceram por 2 a 1.<\/p>\n<p><img fetchpriority=\"high\" decoding=\"async\" class=\"wp-image-26901 aligncenter\" src=\"http:\/\/www.federacaopaulistadefutsal.com.br\/novo\/wp-content\/uploads\/2018\/12\/IMG-20181205-WA0031-1024x768.jpg\" alt=\"\" width=\"571\" height=\"428\" srcset=\"https:\/\/www.federacaopaulistadefutsal.com.br\/novo\/wp-content\/uploads\/2018\/12\/IMG-20181205-WA0031-1024x768.jpg 1024w, https:\/\/www.federacaopaulistadefutsal.com.br\/novo\/wp-content\/uploads\/2018\/12\/IMG-20181205-WA0031-300x225.jpg 300w, https:\/\/www.federacaopaulistadefutsal.com.br\/novo\/wp-content\/uploads\/2018\/12\/IMG-20181205-WA0031-768x576.jpg 768w, https:\/\/www.federacaopaulistadefutsal.com.br\/novo\/wp-content\/uploads\/2018\/12\/IMG-20181205-WA0031.jpg 1280w\" sizes=\"(max-width: 571px) 100vw, 571px\" \/><\/p>\n<p>Susana e Nat\u00e1lia marcaram no triunfo do Tabo\u00e3o, enquanto Beatriz descontou para o S\u00e3o Jos\u00e9.<\/p>\n<p>O segundo e \u00faltimo duelo acontece no pr\u00f3ximo s\u00e1bado (8), na cidade de Tabo\u00e3o da Serra (SP), no gin\u00e1sio\u00a0Poliesportivo Jos\u00e9 de Souza Sobrinho, \u00e0s 20h.<\/p>\n<p>&nbsp;<\/p>\n<p>&nbsp;<\/p>\n","protected":false},"excerpt":{"rendered":"<p>No primeiro jogo entre S\u00e3o Jos\u00e9 e Tabo\u00e3o da Serra, v\u00e1lido pela final do Estadual Principal, o elenco feminino do<\/p>\n","protected":false},"author":2,"featured_media":26898,"comment_status":"open","ping_status":"open","sticky":false,"template":"","format":"standard","meta":{"footnotes":""},"categories":[32,2651,36],"tags":[445,981,42,2202],"class_list":["post-26895","post","type-post","status-publish","format-standard","has-post-thumbnail","hentry","category-maiores","category-noticias","category-serie-unica-estatual-feminino","tag-ca-taboao-da-serra","tag-estadual-feminino","tag-fpfs","tag-sao-jose-futsal-feminino"],"_links":{"self":[{"href":"https:\/\/www.federacaopaulistadefutsal.com.br\/novo\/wp-json\/wp\/v2\/posts\/26895","targetHints":{"allow":["GET"]}}],"collection":[{"href":"https:\/\/www.federacaopaulistadefutsal.com.br\/novo\/wp-json\/wp\/v2\/posts"}],"about":[{"href":"https:\/\/www.federacaopaulistadefutsal.com.br\/novo\/wp-json\/wp\/v2\/types\/post"}],"author":[{"embeddable":true,"href":"https:\/\/www.federacaopaulistadefutsal.com.br\/novo\/wp-json\/wp\/v2\/users\/2"}],"replies":[{"embeddable":true,"href":"https:\/\/www.federacaopaulistadefutsal.com.br\/novo\/wp-json\/wp\/v2\/comments?post=26895"}],"version-history":[{"count":7,"href":"https:\/\/www.federacaopaulistadefutsal.com.br\/novo\/wp-json\/wp\/v2\/posts\/26895\/revisions"}],"predecessor-version":[{"id":26910,"href":"https:\/\/www.federacaopaulistadefutsal.com.br\/novo\/wp-json\/wp\/v2\/posts\/26895\/revisions\/26910"}],"wp:featuredmedia":[{"embeddable":true,"href":"https:\/\/www.federacaopaulistadefutsal.com.br\/novo\/wp-json\/wp\/v2\/media\/26898"}],"wp:attachment":[{"href":"https:\/\/www.federacaopaulistadefutsal.com.br\/novo\/wp-json\/wp\/v2\/media?parent=26895"}],"wp:term":[{"taxonomy":"category","embeddable":true,"href":"https:\/\/www.federacaopaulistadefutsal.com.br\/novo\/wp-json\/wp\/v2\/categories?post=26895"},{"taxonomy":"post_tag","embeddable":true,"href":"https:\/\/www.federacaopaulistadefutsal.com.br\/novo\/wp-json\/wp\/v2\/tags?post=26895"}],"curies":[{"name":"wp","href":"https:\/\/api.w.org\/{rel}","templated":true}]}}