{"id":26903,"date":"2018-12-06T13:26:04","date_gmt":"2018-12-06T13:26:04","guid":{"rendered":"http:\/\/www.federacaopaulistadefutsal.com.br\/novo\/?p=26903"},"modified":"2018-12-06T13:26:04","modified_gmt":"2018-12-06T13:26:04","slug":"elite-itaquerense-abre-seletivas-nas-categorias-sub-14-e-16","status":"publish","type":"post","link":"https:\/\/www.federacaopaulistadefutsal.com.br\/novo\/elite-itaquerense-abre-seletivas-nas-categorias-sub-14-e-16\/","title":{"rendered":"Elite Itaquerense abre seletivas nas categorias sub-14 e 16"},"content":{"rendered":"<p>Visando o Metropolitano e Estadual masculinos de 2019, a Sociedade Elite Itaquerense abre seletivas nas categorias sub-14 e 16, de atletas nascidos em 2005\/2006 e 2003\/2004, respectivamente.<\/p>\n<p>As avalia\u00e7\u00f5es acontecem \u00e0s ter\u00e7as e quintas-feiras com a categoria sub-14 a partir das 21h30, e nas quartas na sub-16 com in\u00edcio \u00e0s 14h.<\/p>\n<p>Os interessados devem levar documento de identidade e materiais de treino (t\u00eanis apropriado, cal\u00e7\u00e3o, camiseta e mei\u00e3o).<\/p>\n<p>Endere\u00e7o: Rua Augusto Carlos Bauman, 588 &#8211; Itaquera.<br \/>\nInforma\u00e7\u00f5es: Sim\u00e3o (11) 99302-1928.<\/p>\n","protected":false},"excerpt":{"rendered":"<p>Visando o Metropolitano e Estadual masculinos de 2019, a Sociedade Elite Itaquerense abre seletivas nas categorias sub-14 e 16, de<\/p>\n","protected":false},"author":2,"featured_media":26611,"comment_status":"open","ping_status":"open","sticky":false,"template":"","format":"standard","meta":{"footnotes":""},"categories":[33,2651],"tags":[920,42,1147,1150],"class_list":["post-26903","post","type-post","status-publish","format-standard","has-post-thumbnail","hentry","category-menores","category-noticias","tag-elite-itaquerense","tag-fpfs","tag-futsal-masculino","tag-futsal-menores"],"_links":{"self":[{"href":"https:\/\/www.federacaopaulistadefutsal.com.br\/novo\/wp-json\/wp\/v2\/posts\/26903","targetHints":{"allow":["GET"]}}],"collection":[{"href":"https:\/\/www.federacaopaulistadefutsal.com.br\/novo\/wp-json\/wp\/v2\/posts"}],"about":[{"href":"https:\/\/www.federacaopaulistadefutsal.com.br\/novo\/wp-json\/wp\/v2\/types\/post"}],"author":[{"embeddable":true,"href":"https:\/\/www.federacaopaulistadefutsal.com.br\/novo\/wp-json\/wp\/v2\/users\/2"}],"replies":[{"embeddable":true,"href":"https:\/\/www.federacaopaulistadefutsal.com.br\/novo\/wp-json\/wp\/v2\/comments?post=26903"}],"version-history":[{"count":1,"href":"https:\/\/www.federacaopaulistadefutsal.com.br\/novo\/wp-json\/wp\/v2\/posts\/26903\/revisions"}],"predecessor-version":[{"id":26904,"href":"https:\/\/www.federacaopaulistadefutsal.com.br\/novo\/wp-json\/wp\/v2\/posts\/26903\/revisions\/26904"}],"wp:featuredmedia":[{"embeddable":true,"href":"https:\/\/www.federacaopaulistadefutsal.com.br\/novo\/wp-json\/wp\/v2\/media\/26611"}],"wp:attachment":[{"href":"https:\/\/www.federacaopaulistadefutsal.com.br\/novo\/wp-json\/wp\/v2\/media?parent=26903"}],"wp:term":[{"taxonomy":"category","embeddable":true,"href":"https:\/\/www.federacaopaulistadefutsal.com.br\/novo\/wp-json\/wp\/v2\/categories?post=26903"},{"taxonomy":"post_tag","embeddable":true,"href":"https:\/\/www.federacaopaulistadefutsal.com.br\/novo\/wp-json\/wp\/v2\/tags?post=26903"}],"curies":[{"name":"wp","href":"https:\/\/api.w.org\/{rel}","templated":true}]}}