{"id":26918,"date":"2018-12-07T19:18:56","date_gmt":"2018-12-07T19:18:56","guid":{"rendered":"http:\/\/www.federacaopaulistadefutsal.com.br\/novo\/?p=26918"},"modified":"2018-12-07T20:08:52","modified_gmt":"2018-12-07T20:08:52","slug":"onde-tudo-comecou-tropas-armamentos-e-presenca-do-general-paraguaio-alfredo-stroessner","status":"publish","type":"post","link":"https:\/\/www.federacaopaulistadefutsal.com.br\/novo\/onde-tudo-comecou-tropas-armamentos-e-presenca-do-general-paraguaio-alfredo-stroessner\/","title":{"rendered":"&#8220;Onde tudo come\u00e7ou&#8221;: tropas, armamentos e presen\u00e7a do general paraguaio Alfredo Stroessner"},"content":{"rendered":"<p>Em mais um cap\u00edtulo da s\u00e9rie &#8220;Onde tudo come\u00e7ou&#8221;, nesta sexta-feira (7) vamos contar a hist\u00f3ria do ex-goleiro salonista, Luiz Ant\u00f4nio Iapichini (Pipa), com passagens por tr\u00eas tradicionais clubes do futebol de sal\u00e3o: Banespa, Paulistano e Palmeiras.<\/p>\n<p>Foi no Banespa que o menino de 11 anos come\u00e7ou a sua trajet\u00f3ria na modalidade, no ano de 1961. Vindo de Itu, cidade do interior paulista de S\u00e3o Paulo, Pipa n\u00e3o tinha d\u00favidas em qual posi\u00e7\u00e3o gostaria de seguir carreira: a de goleiro. Dois goleiros o inspiraram em sua \u00e9poca de crian\u00e7a: Gilmar Santos, ex-goleiro do futebol de campo com passagens por Corinthians, Santos, sele\u00e7\u00e3o brasileira e, Machado, com passagem pelo Clube Atl\u00e9tico Ypiranga. &#8220;Ele me impressionava com sua postura debaixo das traves e na sa\u00edda do gol. Teria que me aperfei\u00e7oar muito para ficar parecido com ele. Era a minha meta&#8221;, comentou Pipa. Seu grande instrutor durante a sua forma\u00e7\u00e3o foi o &#8220;M\u00e3o de on\u00e7a&#8221;, ex-defensor da meta com passagens por Ituano (SP), Juventus (SP) e Goi\u00e1s (GO).<\/p>\n<p>Sobre um dos melhores times que j\u00e1 fez parte durante o seu ciclo no profissional, Pipa n\u00e3o exitou: elenco do Palmeiras que tinha al\u00e9m dele: Arnaldinho, Pinga Fogo, Serginho Carioca e A\u00e9cio.\u00a0&#8220;Foi formado um dos melhores times de futebol de sal\u00e3o de todos os tempos. \u00c9ramos quase imbat\u00edveis. Quem conseguiu nos vencer n\u00e3o se esquecer\u00e1 jamais&#8221;,\u00a0 relembrou.<\/p>\n<p>&nbsp;<\/p>\n<figure id=\"attachment_26920\" aria-describedby=\"caption-attachment-26920\" style=\"width: 504px\" class=\"wp-caption aligncenter\"><img fetchpriority=\"high\" decoding=\"async\" class=\" wp-image-26920\" src=\"http:\/\/www.federacaopaulistadefutsal.com.br\/novo\/wp-content\/uploads\/2018\/12\/e81b21b1-ce72-40b8-aaa9-803a00115924.jpg\" alt=\"\" width=\"504\" height=\"345\" srcset=\"https:\/\/www.federacaopaulistadefutsal.com.br\/novo\/wp-content\/uploads\/2018\/12\/e81b21b1-ce72-40b8-aaa9-803a00115924.jpg 700w, https:\/\/www.federacaopaulistadefutsal.com.br\/novo\/wp-content\/uploads\/2018\/12\/e81b21b1-ce72-40b8-aaa9-803a00115924-300x205.jpg 300w, https:\/\/www.federacaopaulistadefutsal.com.br\/novo\/wp-content\/uploads\/2018\/12\/e81b21b1-ce72-40b8-aaa9-803a00115924-130x90.jpg 130w\" sizes=\"(max-width: 504px) 100vw, 504px\" \/><figcaption id=\"caption-attachment-26920\" class=\"wp-caption-text\">Pipa,\u00a0 segundo da esquerda para \u00e0 direita, de p\u00e9, tamb\u00e9m defendeu a sele\u00e7\u00e3o paulista. (Foto: divulga\u00e7\u00e3o)<\/figcaption><\/figure>\n<p>No Campeonato Sul-Americano de 1971, realizado no Paraguai, Pipa defendida o Palmeiras, e menciona uma partida como um dos momentos mais marcantes de sua carreira, n\u00e3o s\u00f3 pelo t\u00edtulo conquistado, mas pelo o que viu antes da grande decis\u00e3o acontecer no gin\u00e1sio Comuneros. Na \u00e9poca, o pa\u00eds sul-americano vivia uma ditadura militar e, na decis\u00e3o, o ent\u00e3o general\u00a0 Alfredo Stroessner, que ficou no poder por 35 anos,\u00a0 compareceu ao local para acompanhar o confronto.<\/p>\n<p>&#8220;Trouxe sua tropa particular de defesa, soldados armados de metralhadora, que adentraram o gin\u00e1sio em fila e acelerados, enquanto faz\u00edamos o aquecimento, ocupando um a cada cinco metros, todo o per\u00edmetro do anel superior. Foi aterrorizante. Cheguei a pensar: vale a pena ganhar?&#8221;. N\u00e3o se intimidando com o que via, a equipe brasileira venceu por 2 a 1, com gol de Serginho no \u00faltimo minuto.<\/p>\n<figure id=\"attachment_26919\" aria-describedby=\"caption-attachment-26919\" style=\"width: 385px\" class=\"wp-caption aligncenter\"><img decoding=\"async\" class=\" wp-image-26919\" src=\"http:\/\/www.federacaopaulistadefutsal.com.br\/novo\/wp-content\/uploads\/2018\/12\/e1714b7f-5667-4de6-9037-fa475ff6b5ab.jpg\" alt=\"\" width=\"385\" height=\"412\" srcset=\"https:\/\/www.federacaopaulistadefutsal.com.br\/novo\/wp-content\/uploads\/2018\/12\/e1714b7f-5667-4de6-9037-fa475ff6b5ab.jpg 486w, https:\/\/www.federacaopaulistadefutsal.com.br\/novo\/wp-content\/uploads\/2018\/12\/e1714b7f-5667-4de6-9037-fa475ff6b5ab-280x300.jpg 280w\" sizes=\"(max-width: 385px) 100vw, 385px\" \/><figcaption id=\"caption-attachment-26919\" class=\"wp-caption-text\">Pipa, no centro de p\u00e9, com a sele\u00e7\u00e3o brasileira, onde tamb\u00e9m foi campe\u00e3o Sul-Americano. (Foto: divulga\u00e7\u00e3o)<\/figcaption><\/figure>\n<p>Ap\u00f3s se aposentar das quadras e seguir a profiss\u00e3o de engenheiro, j\u00e1 que havia incompatibilidade de hor\u00e1rios e ambos os trabalhos exigiam dedica\u00e7\u00e3o e esfor\u00e7o, Pipa n\u00e3o se preocupou em ser saudosista, e seguiu com a sua vida em outro rumo j\u00e1 que ocupava um cargo importante na empresa onde trabalhava e tinha fam\u00edlia para sustentar. &#8220;Tomei novos rumos. Na profiss\u00e3o que escolhi tive v\u00e1rias oportunidades de aperfei\u00e7oamento no exterior. N\u00e3o joguei mais, nem casados e solteiros. Odeio tomar gol&#8221;, diz. Com 69 anos, o ex-arqueiro \u00e9 engenheiro aposentado e ajuda a cuidar dos tr\u00eas netos.<\/p>\n<p>Ao longo de sua carreira, Pipa conquistou Campeonatos Metropolitanos, Estaduais, Brasileiros, al\u00e9m dos Jogos Universit\u00e1rios.<\/p>\n<p>Em outubro de 2017, a FPFS\u00a0 prestou homenagem a ex-jogadores da <a href=\"http:\/\/www.federacaopaulistadefutsal.com.br\/novo\/2017\/10\/05\/fpfs-homenageia-ex-jogadores-da-geracao-bola-pesada-na-assembleia-legislativa-do-estado-de-sao-paulo\/\">&#8220;Gera\u00e7\u00e3o Bola Pesada&#8221;<\/a>, que contribu\u00edram para o crescimento da modalidade no pa\u00eds. O evento do ato solene foi realizado na Assembl\u00e9ia Legislativa do Estado de S\u00e3o Paulo. Por sua dedica\u00e7\u00e3o ao esporte, Pipa (o central na foto em destaque), foi um dos ex-jogadores homenageados. &#8220;Quando fui convidado para receber a homenagem, julgava-me esquecido. Foi uma sensa\u00e7\u00e3o incr\u00edvel. Levei at\u00e9 meu neto para ver o vov\u00f4. Reencontrar amigos, velhos companheiros, foi uma alegria. Poder homenagear aqueles que j\u00e1 se foram, foi emocionante e gratificante&#8221;, completou.<\/p>\n<p>&nbsp;<\/p>\n","protected":false},"excerpt":{"rendered":"<p>Em mais um cap\u00edtulo da s\u00e9rie &#8220;Onde tudo come\u00e7ou&#8221;, nesta sexta-feira (7) vamos contar a hist\u00f3ria do ex-goleiro salonista, Luiz<\/p>\n","protected":false},"author":2,"featured_media":26921,"comment_status":"open","ping_status":"open","sticky":false,"template":"","format":"standard","meta":{"footnotes":""},"categories":[2660,25,2651,2692],"tags":[42,1130,1147,2686],"class_list":["post-26918","post","type-post","status-publish","format-standard","has-post-thumbnail","hentry","category-home-destaque","category-destaques","category-noticias","category-onde-tudo-comecou","tag-fpfs","tag-futebol-de-salao","tag-futsal-masculino","tag-onde-tudo-comecou"],"_links":{"self":[{"href":"https:\/\/www.federacaopaulistadefutsal.com.br\/novo\/wp-json\/wp\/v2\/posts\/26918","targetHints":{"allow":["GET"]}}],"collection":[{"href":"https:\/\/www.federacaopaulistadefutsal.com.br\/novo\/wp-json\/wp\/v2\/posts"}],"about":[{"href":"https:\/\/www.federacaopaulistadefutsal.com.br\/novo\/wp-json\/wp\/v2\/types\/post"}],"author":[{"embeddable":true,"href":"https:\/\/www.federacaopaulistadefutsal.com.br\/novo\/wp-json\/wp\/v2\/users\/2"}],"replies":[{"embeddable":true,"href":"https:\/\/www.federacaopaulistadefutsal.com.br\/novo\/wp-json\/wp\/v2\/comments?post=26918"}],"version-history":[{"count":5,"href":"https:\/\/www.federacaopaulistadefutsal.com.br\/novo\/wp-json\/wp\/v2\/posts\/26918\/revisions"}],"predecessor-version":[{"id":26961,"href":"https:\/\/www.federacaopaulistadefutsal.com.br\/novo\/wp-json\/wp\/v2\/posts\/26918\/revisions\/26961"}],"wp:featuredmedia":[{"embeddable":true,"href":"https:\/\/www.federacaopaulistadefutsal.com.br\/novo\/wp-json\/wp\/v2\/media\/26921"}],"wp:attachment":[{"href":"https:\/\/www.federacaopaulistadefutsal.com.br\/novo\/wp-json\/wp\/v2\/media?parent=26918"}],"wp:term":[{"taxonomy":"category","embeddable":true,"href":"https:\/\/www.federacaopaulistadefutsal.com.br\/novo\/wp-json\/wp\/v2\/categories?post=26918"},{"taxonomy":"post_tag","embeddable":true,"href":"https:\/\/www.federacaopaulistadefutsal.com.br\/novo\/wp-json\/wp\/v2\/tags?post=26918"}],"curies":[{"name":"wp","href":"https:\/\/api.w.org\/{rel}","templated":true}]}}