{"id":2698,"date":"2014-11-21T14:26:14","date_gmt":"2014-11-21T14:26:14","guid":{"rendered":"http:\/\/www.federacaopaulistadefutsal.com.br\/?p=2698"},"modified":"2014-11-21T14:26:14","modified_gmt":"2014-11-21T14:26:14","slug":"base-do-rio-preto-futsal-faz-primeiro-jogo-da-final-do-piratininga","status":"publish","type":"post","link":"https:\/\/www.federacaopaulistadefutsal.com.br\/novo\/base-do-rio-preto-futsal-faz-primeiro-jogo-da-final-do-piratininga\/","title":{"rendered":"Base do Rio Preto Futsal faz primeiro jogo da final do Piratininga"},"content":{"rendered":"<p>Nesta sexta-feira (21), os times sub-14 e Sub-16 do Rio Preto Futsal\/SMEL\/Guaran\u00e1 Antarctica\/Gatorade\/Objetivo\/LPIE fazem a primeira partida da final do Trof\u00e9u Piratininga. Os meninos do Sub-14 ir\u00e3o at\u00e9 Pindamonhangaba encarar o time local, \u00e0s 18 horas.<br \/>\nJ\u00e1 a equipe Sub-16 joga contra Cruzeiro, tamb\u00e9m \u00e0s 18 horas, fora de casa. Os jogos decisivos ser\u00e3o no dia 6 de dezembro, em Rio Preto. O Sub-12 rio-pretense tamb\u00e9m est\u00e1 na final do Piratininga, e enfrenta o Santos na final\u00edssima. O jogo de ida ainda n\u00e3o tem data definida, mas a partida de volta ser\u00e1 no mesmo dia 6, em Rio Preto.<br \/>\nO gestor do Rio Preto Futsal, J\u00falio C\u00e9sar Martins, fala sobre o trabalho realizado ao longo do tempo. \u201cNossa base s\u00f3 nos d\u00e1 felicidade. \u00c9 um trabalho de mais de 20 anos que rende muitos frutos. S\u00f3 quero agradecer todos os envolvidos e agora vamos em busca de mais t\u00edtulos\u201d, afirmou.<br \/>\nPor Assessoria FPFS<br \/>\nCom informa\u00e7\u00f5es Assessiva<\/p>\n","protected":false},"excerpt":{"rendered":"<p>Nesta sexta-feira (21), os times sub-14 e Sub-16 do Rio Preto Futsal\/SMEL\/Guaran\u00e1 Antarctica\/Gatorade\/Objetivo\/LPIE fazem a primeira partida da final do<\/p>\n","protected":false},"author":1,"featured_media":0,"comment_status":"open","ping_status":"open","sticky":false,"template":"","format":"standard","meta":{"footnotes":""},"categories":[33],"tags":[1887,2124],"class_list":["post-2698","post","type-post","status-publish","format-standard","hentry","category-menores","tag-piratininga","tag-rio-preto"],"_links":{"self":[{"href":"https:\/\/www.federacaopaulistadefutsal.com.br\/novo\/wp-json\/wp\/v2\/posts\/2698","targetHints":{"allow":["GET"]}}],"collection":[{"href":"https:\/\/www.federacaopaulistadefutsal.com.br\/novo\/wp-json\/wp\/v2\/posts"}],"about":[{"href":"https:\/\/www.federacaopaulistadefutsal.com.br\/novo\/wp-json\/wp\/v2\/types\/post"}],"author":[{"embeddable":true,"href":"https:\/\/www.federacaopaulistadefutsal.com.br\/novo\/wp-json\/wp\/v2\/users\/1"}],"replies":[{"embeddable":true,"href":"https:\/\/www.federacaopaulistadefutsal.com.br\/novo\/wp-json\/wp\/v2\/comments?post=2698"}],"version-history":[{"count":0,"href":"https:\/\/www.federacaopaulistadefutsal.com.br\/novo\/wp-json\/wp\/v2\/posts\/2698\/revisions"}],"wp:attachment":[{"href":"https:\/\/www.federacaopaulistadefutsal.com.br\/novo\/wp-json\/wp\/v2\/media?parent=2698"}],"wp:term":[{"taxonomy":"category","embeddable":true,"href":"https:\/\/www.federacaopaulistadefutsal.com.br\/novo\/wp-json\/wp\/v2\/categories?post=2698"},{"taxonomy":"post_tag","embeddable":true,"href":"https:\/\/www.federacaopaulistadefutsal.com.br\/novo\/wp-json\/wp\/v2\/tags?post=2698"}],"curies":[{"name":"wp","href":"https:\/\/api.w.org\/{rel}","templated":true}]}}