{"id":27004,"date":"2018-12-10T19:52:32","date_gmt":"2018-12-10T19:52:32","guid":{"rendered":"http:\/\/www.federacaopaulistadefutsal.com.br\/novo\/?p=27004"},"modified":"2018-12-11T19:47:31","modified_gmt":"2018-12-11T19:47:31","slug":"i-t-sao-bernardosccp-vence-o-taboao-e-fica-com-o-titulo-do-estadual-feminino-pelo-sub-15","status":"publish","type":"post","link":"https:\/\/www.federacaopaulistadefutsal.com.br\/novo\/i-t-sao-bernardosccp-vence-o-taboao-e-fica-com-o-titulo-do-estadual-feminino-pelo-sub-15\/","title":{"rendered":"I.T.\/ S\u00e3o Bernardo\/SCCP vence o Tabo\u00e3o e fica com o t\u00edtulo do Estadual Feminino pelo sub-15"},"content":{"rendered":"<p>Na segunda final do Estadual Feminino Menores, I.T.\/ S\u00e3o Bernardo\/SCCP\u00a0e Tabo\u00e3o da Serra se enfrentaram pela categoria sub-15, em tardes de finais no gin\u00e1sio Presidente Ciro I, zona leste de S\u00e3o Paulo.<\/p>\n<p>Por 3 a 1, as meninas do I.T.\/ S\u00e3o Bernardo\/SCCP\u00a0 venceram e ficaram com o t\u00edtulo da categoria.<\/p>\n<p>Kelly (2x), Giovana marcaram para as corinthianas, enquanto Camilly anotou para as vice-campe\u00e3s.<\/p>\n<p><img fetchpriority=\"high\" decoding=\"async\" class=\"wp-image-27007 aligncenter\" src=\"http:\/\/www.federacaopaulistadefutsal.com.br\/novo\/wp-content\/uploads\/2018\/12\/48332811_502338306841640_1696900772165320704_n.jpg\" alt=\"\" width=\"632\" height=\"421\" srcset=\"https:\/\/www.federacaopaulistadefutsal.com.br\/novo\/wp-content\/uploads\/2018\/12\/48332811_502338306841640_1696900772165320704_n.jpg 960w, https:\/\/www.federacaopaulistadefutsal.com.br\/novo\/wp-content\/uploads\/2018\/12\/48332811_502338306841640_1696900772165320704_n-300x200.jpg 300w, https:\/\/www.federacaopaulistadefutsal.com.br\/novo\/wp-content\/uploads\/2018\/12\/48332811_502338306841640_1696900772165320704_n-768x512.jpg 768w\" sizes=\"(max-width: 632px) 100vw, 632px\" \/><\/p>\n<p>&nbsp;<\/p>\n<p>&nbsp;<\/p>\n","protected":false},"excerpt":{"rendered":"<p>Na segunda final do Estadual Feminino Menores, I.T.\/ S\u00e3o Bernardo\/SCCP\u00a0e Tabo\u00e3o da Serra se enfrentaram pela categoria sub-15, em tardes<\/p>\n","protected":false},"author":2,"featured_media":27005,"comment_status":"open","ping_status":"open","sticky":false,"template":"","format":"standard","meta":{"footnotes":""},"categories":[2660,25,26,33,2651,36],"tags":[981,1071,42,2350],"class_list":["post-27004","post","type-post","status-publish","format-standard","has-post-thumbnail","hentry","category-home-destaque","category-destaques","category-feminino","category-menores","category-noticias","category-serie-unica-estatual-feminino","tag-estadual-feminino","tag-final","tag-fpfs","tag-sub-15"],"_links":{"self":[{"href":"https:\/\/www.federacaopaulistadefutsal.com.br\/novo\/wp-json\/wp\/v2\/posts\/27004","targetHints":{"allow":["GET"]}}],"collection":[{"href":"https:\/\/www.federacaopaulistadefutsal.com.br\/novo\/wp-json\/wp\/v2\/posts"}],"about":[{"href":"https:\/\/www.federacaopaulistadefutsal.com.br\/novo\/wp-json\/wp\/v2\/types\/post"}],"author":[{"embeddable":true,"href":"https:\/\/www.federacaopaulistadefutsal.com.br\/novo\/wp-json\/wp\/v2\/users\/2"}],"replies":[{"embeddable":true,"href":"https:\/\/www.federacaopaulistadefutsal.com.br\/novo\/wp-json\/wp\/v2\/comments?post=27004"}],"version-history":[{"count":3,"href":"https:\/\/www.federacaopaulistadefutsal.com.br\/novo\/wp-json\/wp\/v2\/posts\/27004\/revisions"}],"predecessor-version":[{"id":27012,"href":"https:\/\/www.federacaopaulistadefutsal.com.br\/novo\/wp-json\/wp\/v2\/posts\/27004\/revisions\/27012"}],"wp:featuredmedia":[{"embeddable":true,"href":"https:\/\/www.federacaopaulistadefutsal.com.br\/novo\/wp-json\/wp\/v2\/media\/27005"}],"wp:attachment":[{"href":"https:\/\/www.federacaopaulistadefutsal.com.br\/novo\/wp-json\/wp\/v2\/media?parent=27004"}],"wp:term":[{"taxonomy":"category","embeddable":true,"href":"https:\/\/www.federacaopaulistadefutsal.com.br\/novo\/wp-json\/wp\/v2\/categories?post=27004"},{"taxonomy":"post_tag","embeddable":true,"href":"https:\/\/www.federacaopaulistadefutsal.com.br\/novo\/wp-json\/wp\/v2\/tags?post=27004"}],"curies":[{"name":"wp","href":"https:\/\/api.w.org\/{rel}","templated":true}]}}