{"id":27022,"date":"2018-12-11T15:39:30","date_gmt":"2018-12-11T15:39:30","guid":{"rendered":"http:\/\/www.federacaopaulistadefutsal.com.br\/novo\/?p=27022"},"modified":"2018-12-11T19:47:18","modified_gmt":"2018-12-11T19:47:18","slug":"aabbmapfre-e-real-madruga-iniciam-decisao-valendo-o-titulo-do-estadual-divisao-principal","status":"publish","type":"post","link":"https:\/\/www.federacaopaulistadefutsal.com.br\/novo\/aabbmapfre-e-real-madruga-iniciam-decisao-valendo-o-titulo-do-estadual-divisao-principal\/","title":{"rendered":"AABB\/MAPFRE e Real Madruga iniciam decis\u00e3o valendo o t\u00edtulo do Estadual Divis\u00e3o Principal"},"content":{"rendered":"<p>Na noite desta ter\u00e7a-feira (11), come\u00e7a a decis\u00e3o do Estadual Divis\u00e3o Principal entre os atuais campe\u00f5es da competi\u00e7\u00e3o, AABB\/MAPFRE, e Real Madruga, no gin\u00e1sio A da AABB, a partir das 19h30.<\/p>\n<p>Com melhor campanha na competi\u00e7\u00e3o, o time de Ara\u00e7atuba ter\u00e1 o direito de jogar a segunda partida em seu dom\u00ednio. Ao longo da campanha, foram oito jogos com sete vit\u00f3rias e uma derrota\u00a0 e o topo da tabela, com 21 pontos. Na semifinal, eliminaram o Dracena\/Tempersul ap\u00f3s surpreendente vit\u00f3ria por 6 a 2, com placar agregado dos dois jogos terminando em 7 a 6.<\/p>\n<p>J\u00e1 a AABB\/MAPFRE, atuais camp\u00f5es, terminou a primeira fase na terceira coloca\u00e7\u00e3o com 17 pontos, totalizando 10 jogos com cinco vit\u00f3rias, dois empates e tr\u00eas derrotas.<\/p>\n<p>&#8220;Conseguimos passar do Santo Andr\u00e9 e ter o direito de disputar essa final, estamos respeitando muito o Ara\u00e7atuba. Assistimos um pouco do jogo deles via v\u00eddeo e vamos tentar equilibrar o jogo primeiro aqui no AABB (em casa) e quem sabe fazer um bom confronto na casa deles&#8221;, disse Kazu, t\u00e9cnico da AABB\/MAPFRE.<\/p>\n<p>O jogo de volta acontece na pr\u00f3xima sexta-feira (14), no gin\u00e1sio Henry Ferraz Homem,\u00a0\u00e0s 20h.<\/p>\n<figure id=\"attachment_27023\" aria-describedby=\"caption-attachment-27023\" style=\"width: 543px\" class=\"wp-caption aligncenter\"><img fetchpriority=\"high\" decoding=\"async\" class=\"wp-image-27023\" src=\"http:\/\/www.federacaopaulistadefutsal.com.br\/novo\/wp-content\/uploads\/2018\/12\/ae01b4bcfbb10f.jpg\" alt=\"\" width=\"543\" height=\"362\" srcset=\"https:\/\/www.federacaopaulistadefutsal.com.br\/novo\/wp-content\/uploads\/2018\/12\/ae01b4bcfbb10f.jpg 720w, https:\/\/www.federacaopaulistadefutsal.com.br\/novo\/wp-content\/uploads\/2018\/12\/ae01b4bcfbb10f-300x200.jpg 300w\" sizes=\"(max-width: 543px) 100vw, 543px\" \/><figcaption id=\"caption-attachment-27023\" class=\"wp-caption-text\">Como o placar conta para o segundo e decisivo confronto, o treinador ressalta que \u00e9 preciso ter intelig\u00eancia para equilibrar os dois jogos.<\/figcaption><\/figure>\n","protected":false},"excerpt":{"rendered":"<p>Na noite desta ter\u00e7a-feira (11), come\u00e7a a decis\u00e3o do Estadual Divis\u00e3o Principal entre os atuais campe\u00f5es da competi\u00e7\u00e3o, AABB\/MAPFRE, e<\/p>\n","protected":false},"author":2,"featured_media":26769,"comment_status":"open","ping_status":"open","sticky":false,"template":"","format":"standard","meta":{"footnotes":""},"categories":[2660,25,9,32,2651],"tags":[136,979,1071,42],"class_list":["post-27022","post","type-post","status-publish","format-standard","has-post-thumbnail","hentry","category-home-destaque","category-destaques","category-estadual-principal","category-maiores","category-noticias","tag-aabbmapfre","tag-estadual-divisao-principal","tag-final","tag-fpfs"],"_links":{"self":[{"href":"https:\/\/www.federacaopaulistadefutsal.com.br\/novo\/wp-json\/wp\/v2\/posts\/27022","targetHints":{"allow":["GET"]}}],"collection":[{"href":"https:\/\/www.federacaopaulistadefutsal.com.br\/novo\/wp-json\/wp\/v2\/posts"}],"about":[{"href":"https:\/\/www.federacaopaulistadefutsal.com.br\/novo\/wp-json\/wp\/v2\/types\/post"}],"author":[{"embeddable":true,"href":"https:\/\/www.federacaopaulistadefutsal.com.br\/novo\/wp-json\/wp\/v2\/users\/2"}],"replies":[{"embeddable":true,"href":"https:\/\/www.federacaopaulistadefutsal.com.br\/novo\/wp-json\/wp\/v2\/comments?post=27022"}],"version-history":[{"count":5,"href":"https:\/\/www.federacaopaulistadefutsal.com.br\/novo\/wp-json\/wp\/v2\/posts\/27022\/revisions"}],"predecessor-version":[{"id":27032,"href":"https:\/\/www.federacaopaulistadefutsal.com.br\/novo\/wp-json\/wp\/v2\/posts\/27022\/revisions\/27032"}],"wp:featuredmedia":[{"embeddable":true,"href":"https:\/\/www.federacaopaulistadefutsal.com.br\/novo\/wp-json\/wp\/v2\/media\/26769"}],"wp:attachment":[{"href":"https:\/\/www.federacaopaulistadefutsal.com.br\/novo\/wp-json\/wp\/v2\/media?parent=27022"}],"wp:term":[{"taxonomy":"category","embeddable":true,"href":"https:\/\/www.federacaopaulistadefutsal.com.br\/novo\/wp-json\/wp\/v2\/categories?post=27022"},{"taxonomy":"post_tag","embeddable":true,"href":"https:\/\/www.federacaopaulistadefutsal.com.br\/novo\/wp-json\/wp\/v2\/tags?post=27022"}],"curies":[{"name":"wp","href":"https:\/\/api.w.org\/{rel}","templated":true}]}}