{"id":27033,"date":"2018-12-12T19:35:53","date_gmt":"2018-12-12T19:35:53","guid":{"rendered":"http:\/\/www.federacaopaulistadefutsal.com.br\/novo\/?p=27033"},"modified":"2018-12-12T19:35:53","modified_gmt":"2018-12-12T19:35:53","slug":"elite-itaquerense-abre-seletivas-nas-categorias-sub-12-14-16-e-18","status":"publish","type":"post","link":"https:\/\/www.federacaopaulistadefutsal.com.br\/novo\/elite-itaquerense-abre-seletivas-nas-categorias-sub-12-14-16-e-18\/","title":{"rendered":"Elite Itaquerense abre seletivas nas categorias sub-12, 14, 16 e 18"},"content":{"rendered":"<p>Visando \u00e0 temporada de 2019, a Elite Itaquerense abre seletivas nas categorias sub-12, 14, 16 e 17 a partir do dia 17 de dezembro.<\/p>\n<p>As avalia\u00e7\u00f5es acontecem no gin\u00e1sio do Elite Itaquerense, na zona leste de S\u00e3o Paulo. Confira:<\/p>\n<p>Sub-12 (2007-2008): dias 17 e 19 de dezembro, \u00e0s 20h30.<br \/>\nSub-14 (2005-2006): ter\u00e7as e quintas-feiras, \u00e0s 21h30.<br \/>\nSub-16 (2003-2004): quartas-feiras, \u00e0s 14h.<br \/>\nSub-18 (2001-2002): dias 17 e 19 de dezembro, \u00e0s 11h.<\/p>\n<p>Endere\u00e7o: Rua Engenheiro Villares da Silva, 251 &#8211; Itaquera.<\/p>\n","protected":false},"excerpt":{"rendered":"<p>Visando \u00e0 temporada de 2019, a Elite Itaquerense abre seletivas nas categorias sub-12, 14, 16 e 17 a partir do<\/p>\n","protected":false},"author":2,"featured_media":26611,"comment_status":"open","ping_status":"open","sticky":false,"template":"","format":"standard","meta":{"footnotes":""},"categories":[33,2651],"tags":[41,920,42,1745],"class_list":["post-27033","post","type-post","status-publish","format-standard","has-post-thumbnail","hentry","category-menores","category-noticias","tag-categorias-menores","tag-elite-itaquerense","tag-fpfs","tag-novas-peneiras"],"_links":{"self":[{"href":"https:\/\/www.federacaopaulistadefutsal.com.br\/novo\/wp-json\/wp\/v2\/posts\/27033","targetHints":{"allow":["GET"]}}],"collection":[{"href":"https:\/\/www.federacaopaulistadefutsal.com.br\/novo\/wp-json\/wp\/v2\/posts"}],"about":[{"href":"https:\/\/www.federacaopaulistadefutsal.com.br\/novo\/wp-json\/wp\/v2\/types\/post"}],"author":[{"embeddable":true,"href":"https:\/\/www.federacaopaulistadefutsal.com.br\/novo\/wp-json\/wp\/v2\/users\/2"}],"replies":[{"embeddable":true,"href":"https:\/\/www.federacaopaulistadefutsal.com.br\/novo\/wp-json\/wp\/v2\/comments?post=27033"}],"version-history":[{"count":1,"href":"https:\/\/www.federacaopaulistadefutsal.com.br\/novo\/wp-json\/wp\/v2\/posts\/27033\/revisions"}],"predecessor-version":[{"id":27034,"href":"https:\/\/www.federacaopaulistadefutsal.com.br\/novo\/wp-json\/wp\/v2\/posts\/27033\/revisions\/27034"}],"wp:featuredmedia":[{"embeddable":true,"href":"https:\/\/www.federacaopaulistadefutsal.com.br\/novo\/wp-json\/wp\/v2\/media\/26611"}],"wp:attachment":[{"href":"https:\/\/www.federacaopaulistadefutsal.com.br\/novo\/wp-json\/wp\/v2\/media?parent=27033"}],"wp:term":[{"taxonomy":"category","embeddable":true,"href":"https:\/\/www.federacaopaulistadefutsal.com.br\/novo\/wp-json\/wp\/v2\/categories?post=27033"},{"taxonomy":"post_tag","embeddable":true,"href":"https:\/\/www.federacaopaulistadefutsal.com.br\/novo\/wp-json\/wp\/v2\/tags?post=27033"}],"curies":[{"name":"wp","href":"https:\/\/api.w.org\/{rel}","templated":true}]}}