{"id":27035,"date":"2018-12-12T13:23:56","date_gmt":"2018-12-12T13:23:56","guid":{"rendered":"http:\/\/www.federacaopaulistadefutsal.com.br\/novo\/?p=27035"},"modified":"2018-12-12T16:14:20","modified_gmt":"2018-12-12T16:14:20","slug":"empates-no-tempo-normal-e-prorrogacao-garantem-titulo-do-metropolitano-a1-sub-20-ao-magnus-futsal","status":"publish","type":"post","link":"https:\/\/www.federacaopaulistadefutsal.com.br\/novo\/empates-no-tempo-normal-e-prorrogacao-garantem-titulo-do-metropolitano-a1-sub-20-ao-magnus-futsal\/","title":{"rendered":"Empates no tempo normal e prorroga\u00e7\u00e3o garantem t\u00edtulo do Metropolitano A1 sub-20 ao Magnus Futsal"},"content":{"rendered":"<p>O segundo jogo da final do Metropolitano A1 sub-20 entre Magnus e Corinthians aconteceu na noite de segunda-feira (10), na Arena Sorocaba, interior de S\u00e3o Paulo.<\/p>\n<p>Em um jogo de alto n\u00edvel, os donos da casa tinham a vantagem do empate nos tempos normais e extras devido \u00e0 melhor campanha que o advers\u00e1rio na primeira fase.<\/p>\n<p>Com o placar de 4 a 4 no tempo normal e 1 a 1 na prorroga\u00e7\u00e3o, o Magnus ficou com o t\u00edtulo da competi\u00e7\u00e3o de maneira invicta. Os gols do jogo foram anotados por Ricardo (2x), Israel, Gilbert e Breno. O Corinthians marcou com Daniel, Murilo (2x), Higor e Klyschilan.<\/p>\n<p>O primeiro jogo da final tamb\u00e9m havia terminado empatado: 1 a 1.<\/p>\n<p><img fetchpriority=\"high\" decoding=\"async\" class=\" wp-image-27036 aligncenter\" src=\"http:\/\/www.federacaopaulistadefutsal.com.br\/novo\/wp-content\/uploads\/2018\/12\/fjdsnfjsdnfjsd.png\" alt=\"\" width=\"386\" height=\"418\" srcset=\"https:\/\/www.federacaopaulistadefutsal.com.br\/novo\/wp-content\/uploads\/2018\/12\/fjdsnfjsdnfjsd.png 437w, https:\/\/www.federacaopaulistadefutsal.com.br\/novo\/wp-content\/uploads\/2018\/12\/fjdsnfjsdnfjsd-277x300.png 277w\" sizes=\"(max-width: 386px) 100vw, 386px\" \/><\/p>\n<p>Fotos: Guilherme Mansueto<\/p>\n","protected":false},"excerpt":{"rendered":"<p>O segundo jogo da final do Metropolitano A1 sub-20 entre Magnus e Corinthians aconteceu na noite de segunda-feira (10), na<\/p>\n","protected":false},"author":2,"featured_media":27050,"comment_status":"open","ping_status":"open","sticky":false,"template":"","format":"standard","meta":{"footnotes":""},"categories":[2660,12,13,2651],"tags":[479,549,42,1571,2153],"class_list":["post-27035","post","type-post","status-publish","format-standard","has-post-thumbnail","hentry","category-home-destaque","category-metropolitano-base-a1","category-metropolitano-sub-20","category-noticias","tag-campeonato-metropolitano-a1","tag-categoria-sub-20","tag-fpfs","tag-magnus-futsal","tag-s-c-corinthians-paulista"],"_links":{"self":[{"href":"https:\/\/www.federacaopaulistadefutsal.com.br\/novo\/wp-json\/wp\/v2\/posts\/27035","targetHints":{"allow":["GET"]}}],"collection":[{"href":"https:\/\/www.federacaopaulistadefutsal.com.br\/novo\/wp-json\/wp\/v2\/posts"}],"about":[{"href":"https:\/\/www.federacaopaulistadefutsal.com.br\/novo\/wp-json\/wp\/v2\/types\/post"}],"author":[{"embeddable":true,"href":"https:\/\/www.federacaopaulistadefutsal.com.br\/novo\/wp-json\/wp\/v2\/users\/2"}],"replies":[{"embeddable":true,"href":"https:\/\/www.federacaopaulistadefutsal.com.br\/novo\/wp-json\/wp\/v2\/comments?post=27035"}],"version-history":[{"count":2,"href":"https:\/\/www.federacaopaulistadefutsal.com.br\/novo\/wp-json\/wp\/v2\/posts\/27035\/revisions"}],"predecessor-version":[{"id":27039,"href":"https:\/\/www.federacaopaulistadefutsal.com.br\/novo\/wp-json\/wp\/v2\/posts\/27035\/revisions\/27039"}],"wp:featuredmedia":[{"embeddable":true,"href":"https:\/\/www.federacaopaulistadefutsal.com.br\/novo\/wp-json\/wp\/v2\/media\/27050"}],"wp:attachment":[{"href":"https:\/\/www.federacaopaulistadefutsal.com.br\/novo\/wp-json\/wp\/v2\/media?parent=27035"}],"wp:term":[{"taxonomy":"category","embeddable":true,"href":"https:\/\/www.federacaopaulistadefutsal.com.br\/novo\/wp-json\/wp\/v2\/categories?post=27035"},{"taxonomy":"post_tag","embeddable":true,"href":"https:\/\/www.federacaopaulistadefutsal.com.br\/novo\/wp-json\/wp\/v2\/tags?post=27035"}],"curies":[{"name":"wp","href":"https:\/\/api.w.org\/{rel}","templated":true}]}}