{"id":27083,"date":"2018-12-13T15:29:44","date_gmt":"2018-12-13T15:29:44","guid":{"rendered":"http:\/\/www.federacaopaulistadefutsal.com.br\/novo\/?p=27083"},"modified":"2018-12-13T15:29:44","modified_gmt":"2018-12-13T15:29:44","slug":"palmeiras-e-vice-campeao-do-torneio-uniao-de-clubes-de-futsal","status":"publish","type":"post","link":"https:\/\/www.federacaopaulistadefutsal.com.br\/novo\/palmeiras-e-vice-campeao-do-torneio-uniao-de-clubes-de-futsal\/","title":{"rendered":"Palmeiras \u00e9 vice-campe\u00e3o do Torneio Uni\u00e3o de Clubes de Futsal"},"content":{"rendered":"<p>Os times de inicia\u00e7\u00e3o do futsal palmeirense se sagraram vice-campe\u00f5es do Torneio Uni\u00e3o de Clubes, com partidas decisivas disputadas pelas categorias sub-8, sub-9 e sub-10 no s\u00e1bado (8), no gin\u00e1sio Presidente Ciro II, em S\u00e3o Paulo (SP). Este foi o d\u00e9cimo p\u00f3dio do Palmeiras na modalidade em 2018.<\/p>\n<p>As equipes palestrinas fizeram a melhor campanha coletiva ao longo do torneio. Antes de enfrentarem o Santos na final, os garotos derrotaram AA Portu\u00e1rios (quartas de final) e Corinthians (semifinal), com vit\u00f3rias em todos os jogos disputados. A competi\u00e7\u00e3o premia o melhor desempenho coletivo entre os clubes (soma dos pontos obtidos no mata-mata).<\/p>\n<p>Ao longo da temporada, o sub-9, treinado por Fernanda Grande, sagrou-se campe\u00e3o da Ta\u00e7a Brasil de Futsal pela primeira vez na hist\u00f3ria e com 100% de aproveitamento. J\u00e1 o sub-10, do t\u00e9cnico Eduardo Mendes, \u00e9 o atual campe\u00e3o paulista, enquanto o sub-8 tamb\u00e9m foi ao p\u00f3dio do torneio estadual com a medalha de prata.<\/p>\n<p>Al\u00e9m dos pr\u00eamios da garotada, o futsal do Palmeiras tamb\u00e9m foi campe\u00e3o estadual nas categorias sub-12 e sub-16 \u2013 esta \u00faltima, inclusive, levou o caneco do Metropolitano no primeiro semestre, totalizando cinco t\u00edtulos para o clube na modalidade neste ano.<\/p>\n<p>Informa\u00e7\u00f5es: Depto. Comunica\u00e7\u00e3o Palmeiras<br \/>\nFoto: F\u00e1bio Menotti\/Ag. Palmeiras<\/p>\n","protected":false},"excerpt":{"rendered":"<p>Os times de inicia\u00e7\u00e3o do futsal palmeirense se sagraram vice-campe\u00f5es do Torneio Uni\u00e3o de Clubes, com partidas decisivas disputadas pelas<\/p>\n","protected":false},"author":2,"featured_media":27084,"comment_status":"open","ping_status":"open","sticky":false,"template":"","format":"standard","meta":{"footnotes":""},"categories":[33,2651],"tags":[41,42,2158,2693],"class_list":["post-27083","post","type-post","status-publish","format-standard","has-post-thumbnail","hentry","category-menores","category-noticias","tag-categorias-menores","tag-fpfs","tag-s-e-palmeiras","tag-torneio-uniao"],"_links":{"self":[{"href":"https:\/\/www.federacaopaulistadefutsal.com.br\/novo\/wp-json\/wp\/v2\/posts\/27083","targetHints":{"allow":["GET"]}}],"collection":[{"href":"https:\/\/www.federacaopaulistadefutsal.com.br\/novo\/wp-json\/wp\/v2\/posts"}],"about":[{"href":"https:\/\/www.federacaopaulistadefutsal.com.br\/novo\/wp-json\/wp\/v2\/types\/post"}],"author":[{"embeddable":true,"href":"https:\/\/www.federacaopaulistadefutsal.com.br\/novo\/wp-json\/wp\/v2\/users\/2"}],"replies":[{"embeddable":true,"href":"https:\/\/www.federacaopaulistadefutsal.com.br\/novo\/wp-json\/wp\/v2\/comments?post=27083"}],"version-history":[{"count":1,"href":"https:\/\/www.federacaopaulistadefutsal.com.br\/novo\/wp-json\/wp\/v2\/posts\/27083\/revisions"}],"predecessor-version":[{"id":27085,"href":"https:\/\/www.federacaopaulistadefutsal.com.br\/novo\/wp-json\/wp\/v2\/posts\/27083\/revisions\/27085"}],"wp:featuredmedia":[{"embeddable":true,"href":"https:\/\/www.federacaopaulistadefutsal.com.br\/novo\/wp-json\/wp\/v2\/media\/27084"}],"wp:attachment":[{"href":"https:\/\/www.federacaopaulistadefutsal.com.br\/novo\/wp-json\/wp\/v2\/media?parent=27083"}],"wp:term":[{"taxonomy":"category","embeddable":true,"href":"https:\/\/www.federacaopaulistadefutsal.com.br\/novo\/wp-json\/wp\/v2\/categories?post=27083"},{"taxonomy":"post_tag","embeddable":true,"href":"https:\/\/www.federacaopaulistadefutsal.com.br\/novo\/wp-json\/wp\/v2\/tags?post=27083"}],"curies":[{"name":"wp","href":"https:\/\/api.w.org\/{rel}","templated":true}]}}