{"id":27108,"date":"2018-12-14T11:13:28","date_gmt":"2018-12-14T11:13:28","guid":{"rendered":"http:\/\/www.federacaopaulistadefutsal.com.br\/novo\/?p=27108"},"modified":"2018-12-14T19:23:02","modified_gmt":"2018-12-14T19:23:02","slug":"taboao-da-serra-termina-o-ano-com-dois-titulos-em-competicoes-organizadas-pela-fpfs","status":"publish","type":"post","link":"https:\/\/www.federacaopaulistadefutsal.com.br\/novo\/taboao-da-serra-termina-o-ano-com-dois-titulos-em-competicoes-organizadas-pela-fpfs\/","title":{"rendered":"Tabo\u00e3o da Serra termina o ano com dois t\u00edtulos em competi\u00e7\u00f5es organizadas pela FPFS"},"content":{"rendered":"<p>Ap\u00f3s o t\u00e9rmino da temporada do futsal feminino, o Tabo\u00e3o da Serra acumulou dois t\u00edtulos Estaduais: um pela categoria de base e outro na principal.<\/p>\n<p>No sub-17, O Cats enfrentou na decis\u00e3o o\u00a0A.D. Taubat\u00e9 Futsal, empatando o primeiro jogo em 3 a 3 e vencendo o segundo por 2 a 1.<\/p>\n<p><img fetchpriority=\"high\" decoding=\"async\" class=\"wp-image-27002 aligncenter\" src=\"http:\/\/www.federacaopaulistadefutsal.com.br\/novo\/wp-content\/uploads\/2018\/12\/48266733_753511325010533_7128355069392584704_n-1024x576.jpg\" alt=\"\" width=\"604\" height=\"340\" srcset=\"https:\/\/www.federacaopaulistadefutsal.com.br\/novo\/wp-content\/uploads\/2018\/12\/48266733_753511325010533_7128355069392584704_n-1024x576.jpg 1024w, https:\/\/www.federacaopaulistadefutsal.com.br\/novo\/wp-content\/uploads\/2018\/12\/48266733_753511325010533_7128355069392584704_n-300x169.jpg 300w, https:\/\/www.federacaopaulistadefutsal.com.br\/novo\/wp-content\/uploads\/2018\/12\/48266733_753511325010533_7128355069392584704_n-768x432.jpg 768w, https:\/\/www.federacaopaulistadefutsal.com.br\/novo\/wp-content\/uploads\/2018\/12\/48266733_753511325010533_7128355069392584704_n.jpg 1280w\" sizes=\"(max-width: 604px) 100vw, 604px\" \/><\/p>\n<p>J\u00e1 na categoria principal, as comandadas de Cris Souza desbancaram na final at\u00e9 ent\u00e3o as atuais campe\u00e3s, S\u00e3o Jos\u00e9. As vit\u00f3rias nos dois jogos, 2 a 1 e 3 a 2, respectivamente, fizeram o time vencer a competi\u00e7\u00e3o de maneira invicta.<\/p>\n<p>&nbsp;<\/p>\n<p>&nbsp;<\/p>\n<p>&nbsp;<\/p>\n","protected":false},"excerpt":{"rendered":"<p>Ap\u00f3s o t\u00e9rmino da temporada do futsal feminino, o Tabo\u00e3o da Serra acumulou dois t\u00edtulos Estaduais: um pela categoria de<\/p>\n","protected":false},"author":2,"featured_media":27109,"comment_status":"open","ping_status":"open","sticky":false,"template":"","format":"standard","meta":{"footnotes":""},"categories":[2660,26,32,33,2651,36],"tags":[439,653,42,1138],"class_list":["post-27108","post","type-post","status-publish","format-standard","has-post-thumbnail","hentry","category-home-destaque","category-feminino","category-maiores","category-menores","category-noticias","category-serie-unica-estatual-feminino","tag-c-a-taboao-da-serra","tag-competicoes","tag-fpfs","tag-futsal-feminino"],"_links":{"self":[{"href":"https:\/\/www.federacaopaulistadefutsal.com.br\/novo\/wp-json\/wp\/v2\/posts\/27108","targetHints":{"allow":["GET"]}}],"collection":[{"href":"https:\/\/www.federacaopaulistadefutsal.com.br\/novo\/wp-json\/wp\/v2\/posts"}],"about":[{"href":"https:\/\/www.federacaopaulistadefutsal.com.br\/novo\/wp-json\/wp\/v2\/types\/post"}],"author":[{"embeddable":true,"href":"https:\/\/www.federacaopaulistadefutsal.com.br\/novo\/wp-json\/wp\/v2\/users\/2"}],"replies":[{"embeddable":true,"href":"https:\/\/www.federacaopaulistadefutsal.com.br\/novo\/wp-json\/wp\/v2\/comments?post=27108"}],"version-history":[{"count":2,"href":"https:\/\/www.federacaopaulistadefutsal.com.br\/novo\/wp-json\/wp\/v2\/posts\/27108\/revisions"}],"predecessor-version":[{"id":27111,"href":"https:\/\/www.federacaopaulistadefutsal.com.br\/novo\/wp-json\/wp\/v2\/posts\/27108\/revisions\/27111"}],"wp:featuredmedia":[{"embeddable":true,"href":"https:\/\/www.federacaopaulistadefutsal.com.br\/novo\/wp-json\/wp\/v2\/media\/27109"}],"wp:attachment":[{"href":"https:\/\/www.federacaopaulistadefutsal.com.br\/novo\/wp-json\/wp\/v2\/media?parent=27108"}],"wp:term":[{"taxonomy":"category","embeddable":true,"href":"https:\/\/www.federacaopaulistadefutsal.com.br\/novo\/wp-json\/wp\/v2\/categories?post=27108"},{"taxonomy":"post_tag","embeddable":true,"href":"https:\/\/www.federacaopaulistadefutsal.com.br\/novo\/wp-json\/wp\/v2\/tags?post=27108"}],"curies":[{"name":"wp","href":"https:\/\/api.w.org\/{rel}","templated":true}]}}