{"id":27112,"date":"2018-12-14T15:42:57","date_gmt":"2018-12-14T15:42:57","guid":{"rendered":"http:\/\/www.federacaopaulistadefutsal.com.br\/novo\/?p=27112"},"modified":"2018-12-14T15:42:57","modified_gmt":"2018-12-14T15:42:57","slug":"brasil-faz-nova-dobradinha-na-liga-sul-americana-e-segue-com-100-na-competicao","status":"publish","type":"post","link":"https:\/\/www.federacaopaulistadefutsal.com.br\/novo\/brasil-faz-nova-dobradinha-na-liga-sul-americana-e-segue-com-100-na-competicao\/","title":{"rendered":"Brasil faz nova dobradinha na Liga Sul-Americana e segue com 100% na competi\u00e7\u00e3o"},"content":{"rendered":"<p>A Sele\u00e7\u00e3o Brasileira de Futsal manteve o 100% de aproveitamento na Liga Sul-Americana. Ap\u00f3s vit\u00f3rias contra a Venezuela na \u00faltima ter\u00e7a-feira (11\/12), nos jogos desta quinta-feira (13\/12), contra o Equador, mais uma vit\u00f3ria tanto para a Sele\u00e7\u00e3o sub-20 quanto para a principal.<\/p>\n<p>E a primeira a contribuir com mais tr\u00eas pontos na competi\u00e7\u00e3o foi justamente a da garotada. Com um jogo tranquilo, os canarinhos venceram a partida com 4 a 0 no placar &#8211; gols de Leonardo, Lucas, Alison e Matheus Torres.<\/p>\n<p>J\u00e1 a equipe adulta teve um pouco mais de trabalho. Com um Equador surpreendente no primeiro tempo, o intervalo veio com o Brasil em desvantagem de 2 a 0. Por\u00e9m, na etapa final, as coisas se ajustaram para a Sele\u00e7\u00e3o e o triunfo veio com 5 a 3 no placar &#8211; gols de Rodrigo (3x), Nen\u00ea e Matheus. Ortiz, Martinez e Barahona marcaram para os equatorianos.<\/p>\n<p>A Sele\u00e7\u00e3o folga na rodada de sexta-feira (14\/12) e volta a atuar no s\u00e1bado (15\/12), quando encara o Peru nas duas categorias. O primeiro jogo, do sub-20, ocorre \u00e0s 14h e o segundo, com a equipe Adulta,\u00a0 a partir das 16h &#8211; ambos hor\u00e1rios de Bras\u00edlia. Todas as partidas da Liga Sul-Americana &#8211; Zonal Norte &#8211; ocorrem na Arena I do Parque Ol\u00edmpico da Barra da Tijuca, no Rio de Janeiro.<\/p>\n<p>Informa\u00e7\u00f5es: CBFS<br \/>\nFoto:\u00a0Lucas Figueiredo\/CBF<\/p>\n","protected":false},"excerpt":{"rendered":"<p>A Sele\u00e7\u00e3o Brasileira de Futsal manteve o 100% de aproveitamento na Liga Sul-Americana. Ap\u00f3s vit\u00f3rias contra a Venezuela na \u00faltima<\/p>\n","protected":false},"author":2,"featured_media":27113,"comment_status":"open","ping_status":"open","sticky":false,"template":"","format":"standard","meta":{"footnotes":""},"categories":[25,2651,35],"tags":[563,42,2240,2243],"class_list":["post-27112","post","type-post","status-publish","format-standard","has-post-thumbnail","hentry","category-destaques","category-noticias","category-selecao","tag-cbfs","tag-fpfs","tag-selecao-brasileira","tag-selecao-brasileira-sub-20"],"_links":{"self":[{"href":"https:\/\/www.federacaopaulistadefutsal.com.br\/novo\/wp-json\/wp\/v2\/posts\/27112","targetHints":{"allow":["GET"]}}],"collection":[{"href":"https:\/\/www.federacaopaulistadefutsal.com.br\/novo\/wp-json\/wp\/v2\/posts"}],"about":[{"href":"https:\/\/www.federacaopaulistadefutsal.com.br\/novo\/wp-json\/wp\/v2\/types\/post"}],"author":[{"embeddable":true,"href":"https:\/\/www.federacaopaulistadefutsal.com.br\/novo\/wp-json\/wp\/v2\/users\/2"}],"replies":[{"embeddable":true,"href":"https:\/\/www.federacaopaulistadefutsal.com.br\/novo\/wp-json\/wp\/v2\/comments?post=27112"}],"version-history":[{"count":1,"href":"https:\/\/www.federacaopaulistadefutsal.com.br\/novo\/wp-json\/wp\/v2\/posts\/27112\/revisions"}],"predecessor-version":[{"id":27114,"href":"https:\/\/www.federacaopaulistadefutsal.com.br\/novo\/wp-json\/wp\/v2\/posts\/27112\/revisions\/27114"}],"wp:featuredmedia":[{"embeddable":true,"href":"https:\/\/www.federacaopaulistadefutsal.com.br\/novo\/wp-json\/wp\/v2\/media\/27113"}],"wp:attachment":[{"href":"https:\/\/www.federacaopaulistadefutsal.com.br\/novo\/wp-json\/wp\/v2\/media?parent=27112"}],"wp:term":[{"taxonomy":"category","embeddable":true,"href":"https:\/\/www.federacaopaulistadefutsal.com.br\/novo\/wp-json\/wp\/v2\/categories?post=27112"},{"taxonomy":"post_tag","embeddable":true,"href":"https:\/\/www.federacaopaulistadefutsal.com.br\/novo\/wp-json\/wp\/v2\/tags?post=27112"}],"curies":[{"name":"wp","href":"https:\/\/api.w.org\/{rel}","templated":true}]}}