{"id":27293,"date":"2019-01-07T12:59:26","date_gmt":"2019-01-07T12:59:26","guid":{"rendered":"http:\/\/www.federacaopaulistadefutsal.com.br\/novo\/?p=27293"},"modified":"2019-01-07T12:59:26","modified_gmt":"2019-01-07T12:59:26","slug":"categoria-sub-14-do-taubate-futsal-garante-titulo-do-estadual-a2-serie-ouro-apos-empate-contra-o-a-e-c-100-zala-2","status":"publish","type":"post","link":"https:\/\/www.federacaopaulistadefutsal.com.br\/novo\/categoria-sub-14-do-taubate-futsal-garante-titulo-do-estadual-a2-serie-ouro-apos-empate-contra-o-a-e-c-100-zala-2\/","title":{"rendered":"Categoria sub-14 do Taubat\u00e9 Futsal garante t\u00edtulo do Estadual A2 S\u00e9rie Ouro ap\u00f3s empate contra o A.E.C 100 Zala"},"content":{"rendered":"<p>Ap\u00f3s vencer o primeiro jogo por 2 a 1, a equipe sub-14 do Taubat\u00e9 voltou a entrar em quadra no gin\u00e1sio Presidente Ciro II, pelas finais do Estadual A2 S\u00e9rie Ouro para enfrentar a A.E.C. 100 Zala, pelo segundo jogo das finais.<\/p>\n<p>Precisando de um empate para garantir a ta\u00e7a, os menores do Taubat\u00e9 fizeram valer o regulamento e, ap\u00f3s empate em 1 a 1, garantiram o t\u00edtulo.<\/p>\n<p>Natan marcou para o Taubat\u00e9, e Gustavo para a A.E.C 100 Zala.<\/p>\n","protected":false},"excerpt":{"rendered":"<p>Ap\u00f3s vencer o primeiro jogo por 2 a 1, a equipe sub-14 do Taubat\u00e9 voltou a entrar em quadra no<\/p>\n","protected":false},"author":2,"featured_media":27294,"comment_status":"open","ping_status":"open","sticky":false,"template":"","format":"standard","meta":{"footnotes":""},"categories":[17,33,2651],"tags":[977,1071,42,2415],"class_list":["post-27293","post","type-post","status-publish","format-standard","has-post-thumbnail","hentry","category-estadual-base-a2","category-menores","category-noticias","tag-estadual-a2","tag-final","tag-fpfs","tag-taubate-futsal"],"_links":{"self":[{"href":"https:\/\/www.federacaopaulistadefutsal.com.br\/novo\/wp-json\/wp\/v2\/posts\/27293","targetHints":{"allow":["GET"]}}],"collection":[{"href":"https:\/\/www.federacaopaulistadefutsal.com.br\/novo\/wp-json\/wp\/v2\/posts"}],"about":[{"href":"https:\/\/www.federacaopaulistadefutsal.com.br\/novo\/wp-json\/wp\/v2\/types\/post"}],"author":[{"embeddable":true,"href":"https:\/\/www.federacaopaulistadefutsal.com.br\/novo\/wp-json\/wp\/v2\/users\/2"}],"replies":[{"embeddable":true,"href":"https:\/\/www.federacaopaulistadefutsal.com.br\/novo\/wp-json\/wp\/v2\/comments?post=27293"}],"version-history":[{"count":1,"href":"https:\/\/www.federacaopaulistadefutsal.com.br\/novo\/wp-json\/wp\/v2\/posts\/27293\/revisions"}],"predecessor-version":[{"id":27295,"href":"https:\/\/www.federacaopaulistadefutsal.com.br\/novo\/wp-json\/wp\/v2\/posts\/27293\/revisions\/27295"}],"wp:featuredmedia":[{"embeddable":true,"href":"https:\/\/www.federacaopaulistadefutsal.com.br\/novo\/wp-json\/wp\/v2\/media\/27294"}],"wp:attachment":[{"href":"https:\/\/www.federacaopaulistadefutsal.com.br\/novo\/wp-json\/wp\/v2\/media?parent=27293"}],"wp:term":[{"taxonomy":"category","embeddable":true,"href":"https:\/\/www.federacaopaulistadefutsal.com.br\/novo\/wp-json\/wp\/v2\/categories?post=27293"},{"taxonomy":"post_tag","embeddable":true,"href":"https:\/\/www.federacaopaulistadefutsal.com.br\/novo\/wp-json\/wp\/v2\/tags?post=27293"}],"curies":[{"name":"wp","href":"https:\/\/api.w.org\/{rel}","templated":true}]}}