{"id":27373,"date":"2019-01-11T11:20:18","date_gmt":"2019-01-11T11:20:18","guid":{"rendered":"http:\/\/www.federacaopaulistadefutsal.com.br\/novo\/?p=27373"},"modified":"2019-01-11T11:20:18","modified_gmt":"2019-01-11T11:20:18","slug":"corinthians-goleia-barcelona-esp-e-e-campeao-mundial-sub-18-de-futsal","status":"publish","type":"post","link":"https:\/\/www.federacaopaulistadefutsal.com.br\/novo\/corinthians-goleia-barcelona-esp-e-e-campeao-mundial-sub-18-de-futsal\/","title":{"rendered":"Corinthians goleia Barcelona (ESP) e \u00e9 campe\u00e3o mundial sub-18 de futsal"},"content":{"rendered":"<div>O Sport Club Corinthians Paulista \u00e9 campe\u00e3o mundial sub-18 de futsal. Em Blanes, na Espanha, o alvinegro entrou em quadra pela final da World Futsal Cup para encarar o Barcelona (ESP), e goleou por 7 a 2 e ficou com o t\u00edtulo da competi\u00e7\u00e3o.<\/div>\n<div><\/div>\n<div>O t\u00edtulo sobre o time da Catalunha coroou uma campanha irretoc\u00e1vel do Corinthians na competi\u00e7\u00e3o que \u00e9 considerada o Mundial de Clubes da modalidade na categoria sub-18. Em cinco jogos disputados no torneio,\u00a0 venceu cinco vezes, marcou 58 gols (m\u00e9dia superior a 11 por jogo,\u00a0 e sofreu apenas quatro.<\/div>\n<div><\/div>\n<div>\u201c\u00c9 uma emo\u00e7\u00e3o inexplic\u00e1vel ganhar esse t\u00edtulo. \u00c9 um Copa do Mundo de Futsal de clubes e ganhar do Barcelona, na final, na casa deles, n\u00e3o tem explica\u00e7\u00e3o. S\u00f3 quero agradecer \u00e0 minha fam\u00edlia, \u00e0 comiss\u00e3o t\u00e9cnica, \u00e0 Deus e ao Sport Club Corinthians Paulista por essa emo\u00e7\u00e3o muito grande&#8221;, disse Jo\u00e3o Sena, capit\u00e3o da equipe sub-18.<\/div>\n<div><\/div>\n<div>Al\u00e9m do t\u00edtulo, alguns jogadores do Corinthians conquistaram pr\u00eamios individuais no Mundial: Wesley (melhor jogador) e Vanderson (melhor goleiro).<\/div>\n<div><\/div>\n<div><strong>Veja a campanha completa do Corinthians na competi\u00e7\u00e3o:<\/strong><\/div>\n<div><\/div>\n<div>\n<p><em>Primeira fase<\/em><\/p>\n<p>&nbsp;<\/p>\n<\/div>\n<div>Corinthians 15 x 0 Allianza FC (EUA)<\/div>\n<div>Corinthians 16 x 1 Freelance Futsal (AUS)<\/div>\n<div>Corinthians 11 x 0 C.D. M\u00farcia (ESP)<\/div>\n<div><\/div>\n<div>\n<p><em>Semifinal<\/em><\/p>\n<p>&nbsp;<\/p>\n<\/div>\n<div>Corinthians 9 x 1 Futsal City Atlas (COL)<\/div>\n<div><\/div>\n<div>\n<p><em>Final<\/em><\/p>\n<p>&nbsp;<\/p>\n<\/div>\n<div>Corinthians 7 x 2 Barcelona (ESP)<\/div>\n<div><\/div>\n<div>Informa\u00e7\u00f5es: assessoria de imprensa SCCP<\/div>\n","protected":false},"excerpt":{"rendered":"<p>O Sport Club Corinthians Paulista \u00e9 campe\u00e3o mundial sub-18 de futsal. Em Blanes, na Espanha, o alvinegro entrou em quadra<\/p>\n","protected":false},"author":2,"featured_media":27374,"comment_status":"open","ping_status":"open","sticky":false,"template":"","format":"standard","meta":{"footnotes":""},"categories":[33,2651],"tags":[42,2679,2153,2341],"class_list":["post-27373","post","type-post","status-publish","format-standard","has-post-thumbnail","hentry","category-menores","category-noticias","tag-fpfs","tag-mundial-de-clubes","tag-s-c-corinthians-paulista","tag-sub-18"],"_links":{"self":[{"href":"https:\/\/www.federacaopaulistadefutsal.com.br\/novo\/wp-json\/wp\/v2\/posts\/27373","targetHints":{"allow":["GET"]}}],"collection":[{"href":"https:\/\/www.federacaopaulistadefutsal.com.br\/novo\/wp-json\/wp\/v2\/posts"}],"about":[{"href":"https:\/\/www.federacaopaulistadefutsal.com.br\/novo\/wp-json\/wp\/v2\/types\/post"}],"author":[{"embeddable":true,"href":"https:\/\/www.federacaopaulistadefutsal.com.br\/novo\/wp-json\/wp\/v2\/users\/2"}],"replies":[{"embeddable":true,"href":"https:\/\/www.federacaopaulistadefutsal.com.br\/novo\/wp-json\/wp\/v2\/comments?post=27373"}],"version-history":[{"count":2,"href":"https:\/\/www.federacaopaulistadefutsal.com.br\/novo\/wp-json\/wp\/v2\/posts\/27373\/revisions"}],"predecessor-version":[{"id":27376,"href":"https:\/\/www.federacaopaulistadefutsal.com.br\/novo\/wp-json\/wp\/v2\/posts\/27373\/revisions\/27376"}],"wp:featuredmedia":[{"embeddable":true,"href":"https:\/\/www.federacaopaulistadefutsal.com.br\/novo\/wp-json\/wp\/v2\/media\/27374"}],"wp:attachment":[{"href":"https:\/\/www.federacaopaulistadefutsal.com.br\/novo\/wp-json\/wp\/v2\/media?parent=27373"}],"wp:term":[{"taxonomy":"category","embeddable":true,"href":"https:\/\/www.federacaopaulistadefutsal.com.br\/novo\/wp-json\/wp\/v2\/categories?post=27373"},{"taxonomy":"post_tag","embeddable":true,"href":"https:\/\/www.federacaopaulistadefutsal.com.br\/novo\/wp-json\/wp\/v2\/tags?post=27373"}],"curies":[{"name":"wp","href":"https:\/\/api.w.org\/{rel}","templated":true}]}}