{"id":27379,"date":"2019-01-14T15:28:10","date_gmt":"2019-01-14T15:28:10","guid":{"rendered":"http:\/\/www.federacaopaulistadefutsal.com.br\/novo\/?p=27379"},"modified":"2019-01-14T22:04:26","modified_gmt":"2019-01-14T22:04:26","slug":"arbitro-fpfs-passa-a-integrar-o-quadro-de-arbitragem-da-fifa","status":"publish","type":"post","link":"https:\/\/www.federacaopaulistadefutsal.com.br\/novo\/arbitro-fpfs-passa-a-integrar-o-quadro-de-arbitragem-da-fifa\/","title":{"rendered":"\u00c1rbitro FPFS passa integrar o quadro de arbitragem da FIFA"},"content":{"rendered":"<p>Natural da cidade de Santos (SP), o \u00e1rbitro de futsal, Felipe Ventura, de 39 anos, graduado em Educa\u00e7\u00e3o F\u00edsica e Esportes e P\u00f3s-Graduado em Gest\u00e3o de Neg\u00f3cios, \u00e9 o mais novo integrante do quadro de arbitragem da FIFA e representante paulista na entidade.<\/p>\n<p>Ele, que ingressou na arbitragem de futsal em 1997 em campeonatos Municipais e Jogo Escolares de Itanha\u00e9m, litoral sul de S\u00e3o Paulo, ao mesmo tempo em que era atleta pertencente a Sele\u00e7\u00e3o Municipal de Futsal da cidade, onde disputava os Jogos Regionais de S\u00e3o Paulo, come\u00e7ou a intercalar nas fun\u00e7\u00f5es para complementar a sua renda para cobrir despesas do dia a dia.<\/p>\n<p>Em 98, atrav\u00e9s da Liga Regional do Litoral de Santos, fez o curso de arbitragem da FPFS e, ingressou na entidade um ano depois. Ap\u00f3s 10 anos, tamb\u00e9m entrou para o quadro de arbitragem da CBFS.<\/p>\n<figure id=\"attachment_27381\" aria-describedby=\"caption-attachment-27381\" style=\"width: 469px\" class=\"wp-caption aligncenter\"><img fetchpriority=\"high\" decoding=\"async\" class=\"wp-image-27381\" src=\"http:\/\/www.federacaopaulistadefutsal.com.br\/novo\/wp-content\/uploads\/2019\/01\/0e54ee81-bad5-47d3-9548-5d94e95ae25a-683x1024.jpg\" alt=\"\" width=\"469\" height=\"703\" srcset=\"https:\/\/www.federacaopaulistadefutsal.com.br\/novo\/wp-content\/uploads\/2019\/01\/0e54ee81-bad5-47d3-9548-5d94e95ae25a-683x1024.jpg 683w, https:\/\/www.federacaopaulistadefutsal.com.br\/novo\/wp-content\/uploads\/2019\/01\/0e54ee81-bad5-47d3-9548-5d94e95ae25a-200x300.jpg 200w, https:\/\/www.federacaopaulistadefutsal.com.br\/novo\/wp-content\/uploads\/2019\/01\/0e54ee81-bad5-47d3-9548-5d94e95ae25a.jpg 712w\" sizes=\"(max-width: 469px) 100vw, 469px\" \/><figcaption id=\"caption-attachment-27381\" class=\"wp-caption-text\">Felipe, \u00e0 direita, em competi\u00e7\u00e3o organizada pela CBFS. (Foto: arquivo pessoal)<\/figcaption><\/figure>\n<p>Em seu curr\u00edculo como \u00e1rbitro, j\u00e1 apitou em competi\u00e7\u00f5es como: Liga Regional de Futsal do Litoral Paulista, Jogos Regionais, Jogos Escolares, Jogos da Juventude, Copa S\u00e3o Paulo e Jogos Abertos do Interior,\u00a0Liga Nacional, Ta\u00e7a Brasil Adulto, Liga Regionais, al\u00e9m das competi\u00e7\u00f5es organizadas pela FPFS. Fora do pa\u00eds, representou o Estado de S\u00e3o Paulo na Europa, It\u00e1lia, em jogos de futsal para pessoas com defici\u00eancias f\u00edsicas.<\/p>\n<figure id=\"attachment_27382\" aria-describedby=\"caption-attachment-27382\" style=\"width: 432px\" class=\"wp-caption aligncenter\"><img decoding=\"async\" class=\" wp-image-27382\" src=\"http:\/\/www.federacaopaulistadefutsal.com.br\/novo\/wp-content\/uploads\/2019\/01\/b301169b-ea32-4f38-bdc2-734b20b728cd-768x1024.jpg\" alt=\"\" width=\"432\" height=\"576\" srcset=\"https:\/\/www.federacaopaulistadefutsal.com.br\/novo\/wp-content\/uploads\/2019\/01\/b301169b-ea32-4f38-bdc2-734b20b728cd-768x1024.jpg 768w, https:\/\/www.federacaopaulistadefutsal.com.br\/novo\/wp-content\/uploads\/2019\/01\/b301169b-ea32-4f38-bdc2-734b20b728cd-225x300.jpg 225w, https:\/\/www.federacaopaulistadefutsal.com.br\/novo\/wp-content\/uploads\/2019\/01\/b301169b-ea32-4f38-bdc2-734b20b728cd.jpg 960w\" sizes=\"(max-width: 432px) 100vw, 432px\" \/><figcaption id=\"caption-attachment-27382\" class=\"wp-caption-text\">Felipe escalado para apitar partida na cidade de Pato Branco, no Paran\u00e1, pelo jogo de ida da final da LNF 2018 (Foto: arquivo pessoal)<\/figcaption><\/figure>\n<p>Sobre o feito alcan\u00e7ando, Felipe falou o sonho que se tornou realidade ao chegar ao quadro da FIFA. &#8220;Acredito que todos devem ter este est\u00edmulo para si, de chegar ao topo m\u00e1ximo da arbitragem Mundial, esse foi o principal combust\u00edvel que me deu for\u00e7a e coragem para percorrer os 22 anos dentro da arbitragem,\u00a0 e poder sim alcan\u00e7ar esta meta extremamente dif\u00edcil, haja vista que no Brasil s\u00e3o apenas quatro vagas para \u00e1rbitros e quatro vagas para \u00e1rbitras, se tornando assim uma jornada bem desafiadora a ser alcan\u00e7ada&#8221;, disse.<\/p>\n<p>Focado em seus objetivos, o \u00e1rbitro tem uma prepara\u00e7\u00e3o regrada, que vai da pr\u00e1tica esportiva \u00e0 alimenta\u00e7\u00e3o e mental. &#8220;Fa\u00e7o atividade f\u00edsica cinco vezes na semana para poder suportar o desgaste f\u00edsico durante os jogos\/temporada de viagens, cursos, palestras, Congressos, al\u00e9m disso, a realiza\u00e7\u00e3o dos testes f\u00edsicos que s\u00e3o exigidos pela entidades que organizam o futsal. Prepara\u00e7\u00e3o nutricional, para manter um equil\u00edbrio entre a parte f\u00edsica e a parte alimentar e poder estar sempre disposto para as jornadas do dia a dia. Prepara\u00e7\u00e3o psicol\u00f3gica para poder lidar com as varias situa\u00e7\u00f5es adversas dentro e foras das quadras, sabemos que no Brasil a exig\u00eancia \u00e9 muito grande por todos os envolvidos,\u00a0 sabemos que o futsal \u00e9 uma paix\u00e3o nacional e com isso cobran\u00e7as s\u00e3o maiores a cada dia.&#8221;<\/p>\n<p>Quando se desliga do ambiante das quadra, Felipe diz que prefere ficar em sua resid\u00eancia, optando por descansar. &#8220;Nos raros momentos de folga e lazer durante a temporada, minha op\u00e7\u00e3o \u00e9 ficar em casa e descansar, esvaziando a mente e me preparando para os pr\u00f3ximos desafios que est\u00e3o por vir&#8221;, conclui.<\/p>\n","protected":false},"excerpt":{"rendered":"<p>Natural da cidade de Santos (SP), o \u00e1rbitro de futsal, Felipe Ventura, de 39 anos, graduado em Educa\u00e7\u00e3o F\u00edsica e<\/p>\n","protected":false},"author":2,"featured_media":27406,"comment_status":"open","ping_status":"open","sticky":false,"template":"","format":"standard","meta":{"footnotes":""},"categories":[21,2660,25,2651,1],"tags":[256,563,1065,42],"class_list":["post-27379","post","type-post","status-publish","format-standard","has-post-thumbnail","hentry","category-arbitragem","category-home-destaque","category-destaques","category-noticias","category-novidades","tag-arbitragem","tag-cbfs","tag-fifa","tag-fpfs"],"_links":{"self":[{"href":"https:\/\/www.federacaopaulistadefutsal.com.br\/novo\/wp-json\/wp\/v2\/posts\/27379","targetHints":{"allow":["GET"]}}],"collection":[{"href":"https:\/\/www.federacaopaulistadefutsal.com.br\/novo\/wp-json\/wp\/v2\/posts"}],"about":[{"href":"https:\/\/www.federacaopaulistadefutsal.com.br\/novo\/wp-json\/wp\/v2\/types\/post"}],"author":[{"embeddable":true,"href":"https:\/\/www.federacaopaulistadefutsal.com.br\/novo\/wp-json\/wp\/v2\/users\/2"}],"replies":[{"embeddable":true,"href":"https:\/\/www.federacaopaulistadefutsal.com.br\/novo\/wp-json\/wp\/v2\/comments?post=27379"}],"version-history":[{"count":7,"href":"https:\/\/www.federacaopaulistadefutsal.com.br\/novo\/wp-json\/wp\/v2\/posts\/27379\/revisions"}],"predecessor-version":[{"id":27404,"href":"https:\/\/www.federacaopaulistadefutsal.com.br\/novo\/wp-json\/wp\/v2\/posts\/27379\/revisions\/27404"}],"wp:featuredmedia":[{"embeddable":true,"href":"https:\/\/www.federacaopaulistadefutsal.com.br\/novo\/wp-json\/wp\/v2\/media\/27406"}],"wp:attachment":[{"href":"https:\/\/www.federacaopaulistadefutsal.com.br\/novo\/wp-json\/wp\/v2\/media?parent=27379"}],"wp:term":[{"taxonomy":"category","embeddable":true,"href":"https:\/\/www.federacaopaulistadefutsal.com.br\/novo\/wp-json\/wp\/v2\/categories?post=27379"},{"taxonomy":"post_tag","embeddable":true,"href":"https:\/\/www.federacaopaulistadefutsal.com.br\/novo\/wp-json\/wp\/v2\/tags?post=27379"}],"curies":[{"name":"wp","href":"https:\/\/api.w.org\/{rel}","templated":true}]}}