{"id":27396,"date":"2019-01-14T11:22:29","date_gmt":"2019-01-14T11:22:29","guid":{"rendered":"http:\/\/www.federacaopaulistadefutsal.com.br\/novo\/?p=27396"},"modified":"2019-01-14T11:22:29","modified_gmt":"2019-01-14T11:22:29","slug":"retrospectiva-com-direito-a-prorrogacao-time-sub-20-do-corinthians-vence-o-minas-e-e-campeao-da-taca-brasil-divisao-especial","status":"publish","type":"post","link":"https:\/\/www.federacaopaulistadefutsal.com.br\/novo\/retrospectiva-com-direito-a-prorrogacao-time-sub-20-do-corinthians-vence-o-minas-e-e-campeao-da-taca-brasil-divisao-especial\/","title":{"rendered":"Retrospectiva: com direito a prorroga\u00e7\u00e3o, time sub-20 do Corinthians vence o Minas e \u00e9 campe\u00e3o da Ta\u00e7a Brasil \u2013 Divis\u00e3o Especial"},"content":{"rendered":"<p>O Corinthians \u00e9 o novo campe\u00e3o da Ta\u00e7a Brasil Sub-20 \u2013 Divis\u00e3o Especial. O time alvinegro superou o Minas (MG), em duelo que marcou a decis\u00e3o do torneio e que contou com todos os ingredientes de uma grande disputa: empate em 2 a 2 no tempo normal e uma emocionante prorroga\u00e7\u00e3o com placar final em 5 a 2 para o Corinthians.<\/p>\n<p><strong>O jogo<\/strong><\/p>\n<p>A expectativa em torno de um grande jogo se fez por conta da campanha das duas equipes. Ambas trilharam caminhos parecidos e chegaram ao confronto decisivo invictas. Mas, a igualdade em quadra se quebrou ainda no primeiro tempo, quando o Corinthians abriu o placar com gol de Jo\u00e3o Victor.<\/p>\n<p>A rede voltaria a balan\u00e7ar apenas na segunda etapa, com mais um gol do time alvinegro: Higor aumentou a vantagem. Por\u00e9m, nem tudo estava perdido e os mineiros mostraram poder de rea\u00e7\u00e3o para buscar a igualdade e for\u00e7ar a prorroga\u00e7\u00e3o.<\/p>\n<p>No tempo extra Murilo recolocou o Corinthians na frente logo aos tr\u00eas minutos. O gol deu tranquilidade ao alvinegro, que ainda conseguiu marcar mais duas vezes para sacramentar o triunfo e colocar mais um trof\u00e9u na galeria de conquistas.<\/p>\n","protected":false},"excerpt":{"rendered":"<p>O Corinthians \u00e9 o novo campe\u00e3o da Ta\u00e7a Brasil Sub-20 \u2013 Divis\u00e3o Especial. O time alvinegro superou o Minas (MG),<\/p>\n","protected":false},"author":2,"featured_media":27397,"comment_status":"open","ping_status":"open","sticky":false,"template":"","format":"standard","meta":{"footnotes":""},"categories":[33,2651],"tags":[549,41,563,42,2395],"class_list":["post-27396","post","type-post","status-publish","format-standard","has-post-thumbnail","hentry","category-menores","category-noticias","tag-categoria-sub-20","tag-categorias-menores","tag-cbfs","tag-fpfs","tag-taca-brasil"],"_links":{"self":[{"href":"https:\/\/www.federacaopaulistadefutsal.com.br\/novo\/wp-json\/wp\/v2\/posts\/27396","targetHints":{"allow":["GET"]}}],"collection":[{"href":"https:\/\/www.federacaopaulistadefutsal.com.br\/novo\/wp-json\/wp\/v2\/posts"}],"about":[{"href":"https:\/\/www.federacaopaulistadefutsal.com.br\/novo\/wp-json\/wp\/v2\/types\/post"}],"author":[{"embeddable":true,"href":"https:\/\/www.federacaopaulistadefutsal.com.br\/novo\/wp-json\/wp\/v2\/users\/2"}],"replies":[{"embeddable":true,"href":"https:\/\/www.federacaopaulistadefutsal.com.br\/novo\/wp-json\/wp\/v2\/comments?post=27396"}],"version-history":[{"count":1,"href":"https:\/\/www.federacaopaulistadefutsal.com.br\/novo\/wp-json\/wp\/v2\/posts\/27396\/revisions"}],"predecessor-version":[{"id":27398,"href":"https:\/\/www.federacaopaulistadefutsal.com.br\/novo\/wp-json\/wp\/v2\/posts\/27396\/revisions\/27398"}],"wp:featuredmedia":[{"embeddable":true,"href":"https:\/\/www.federacaopaulistadefutsal.com.br\/novo\/wp-json\/wp\/v2\/media\/27397"}],"wp:attachment":[{"href":"https:\/\/www.federacaopaulistadefutsal.com.br\/novo\/wp-json\/wp\/v2\/media?parent=27396"}],"wp:term":[{"taxonomy":"category","embeddable":true,"href":"https:\/\/www.federacaopaulistadefutsal.com.br\/novo\/wp-json\/wp\/v2\/categories?post=27396"},{"taxonomy":"post_tag","embeddable":true,"href":"https:\/\/www.federacaopaulistadefutsal.com.br\/novo\/wp-json\/wp\/v2\/tags?post=27396"}],"curies":[{"name":"wp","href":"https:\/\/api.w.org\/{rel}","templated":true}]}}