{"id":27417,"date":"2019-01-15T21:54:18","date_gmt":"2019-01-15T21:54:18","guid":{"rendered":"http:\/\/www.federacaopaulistadefutsal.com.br\/novo\/?p=27417"},"modified":"2019-01-16T09:53:19","modified_gmt":"2019-01-16T09:53:19","slug":"sem-perder-em-2018-elenco-sub-20-do-magnus-futsal-anuncia-reforcos-para-2019","status":"publish","type":"post","link":"https:\/\/www.federacaopaulistadefutsal.com.br\/novo\/sem-perder-em-2018-elenco-sub-20-do-magnus-futsal-anuncia-reforcos-para-2019\/","title":{"rendered":"Sem perder em 2018, elenco Sub-20 do Magnus Futsal anuncia refor\u00e7os para 2019"},"content":{"rendered":"<p>Uma temporada de conquistas. Foi isso que o elenco sub-20 do Magnus Futsal alcan\u00e7ou durante 2018, conquistando, de forma invicta, o t\u00edtulo da Ta\u00e7a S\u00e3o Paulo e do Campeonato Metropolitano da categoria, ambos contra o Corinthians. Agora, j\u00e1 pensando no calend\u00e1rio do pr\u00f3ximo ano, o time de Sorocaba refor\u00e7a seu elenco buscando manter a boa fase e revelar novos talentos.<\/p>\n<p>O time do interior paulista refor\u00e7a a equipe com oito atletas. Destes, quatro conquistaram no m\u00eas de outubro a in\u00e9dita medalha de ouro nos Jogos Ol\u00edmpicos da Juventude: o goleiro Matheus (ex-Palmeiras) &#8211; foto -, os alas Moura (ex-Palmeiras) e Caio Carioca (ex-Minas), e o piv\u00f4 Vit\u00e3o (ex-Barueri).<\/p>\n<p>Somam-se a essa lista o ala Bochecha (ex-Sport), campe\u00e3o Sul-Americano pela Sele\u00e7\u00e3o Brasileira. O elenco ainda contar\u00e1 com o ala Pedrinho, vindo do Segovia, da Espanha. Fechando a lista de refor\u00e7os, dois jogadores que sobem das categorias de base do futsal sorocabano: o fixo Daniel e o ala Gustavo.<\/p>\n<p>O objetivo da diretoria e da comiss\u00e3o t\u00e9cnica, por meio de seu treinador Renan Franklin, e do supervisor Reinaldo Sim\u00f5es, \u00e9 montar uma equipe competitiva para 2019, j\u00e1 que o elenco sub-20 jogar\u00e1 pela primeira vez a Ta\u00e7a Brasil da categoria, al\u00e9m das competi\u00e7\u00f5es estaduais.<\/p>\n<p>Os oito atletas formam o elenco juntamente com os jogadores que continuam na equipe para o pr\u00f3ximo ano: os goleiro Daniel e Vitinho, os alas Paulinho e Titi, os fixos Lucas Gomes e Ricardinho, e os piv\u00f4s Alisson e Israel. Saem do time os atletas Gilbert, Mello, Lucas, Totinha e Breno. O Magnus Futsal agradece o comprometimento e empenho de cada um e deseja sucesso em suas carreiras.<\/p>\n<p>Informa\u00e7\u00f5es: Magnus Futsal<\/p>\n","protected":false},"excerpt":{"rendered":"<p>Uma temporada de conquistas. Foi isso que o elenco sub-20 do Magnus Futsal alcan\u00e7ou durante 2018, conquistando, de forma invicta,<\/p>\n","protected":false},"author":2,"featured_media":27418,"comment_status":"open","ping_status":"open","sticky":false,"template":"","format":"standard","meta":{"footnotes":""},"categories":[2660,25,33,2651],"tags":[653,42,1147,1571],"class_list":["post-27417","post","type-post","status-publish","format-standard","has-post-thumbnail","hentry","category-home-destaque","category-destaques","category-menores","category-noticias","tag-competicoes","tag-fpfs","tag-futsal-masculino","tag-magnus-futsal"],"_links":{"self":[{"href":"https:\/\/www.federacaopaulistadefutsal.com.br\/novo\/wp-json\/wp\/v2\/posts\/27417","targetHints":{"allow":["GET"]}}],"collection":[{"href":"https:\/\/www.federacaopaulistadefutsal.com.br\/novo\/wp-json\/wp\/v2\/posts"}],"about":[{"href":"https:\/\/www.federacaopaulistadefutsal.com.br\/novo\/wp-json\/wp\/v2\/types\/post"}],"author":[{"embeddable":true,"href":"https:\/\/www.federacaopaulistadefutsal.com.br\/novo\/wp-json\/wp\/v2\/users\/2"}],"replies":[{"embeddable":true,"href":"https:\/\/www.federacaopaulistadefutsal.com.br\/novo\/wp-json\/wp\/v2\/comments?post=27417"}],"version-history":[{"count":1,"href":"https:\/\/www.federacaopaulistadefutsal.com.br\/novo\/wp-json\/wp\/v2\/posts\/27417\/revisions"}],"predecessor-version":[{"id":27419,"href":"https:\/\/www.federacaopaulistadefutsal.com.br\/novo\/wp-json\/wp\/v2\/posts\/27417\/revisions\/27419"}],"wp:featuredmedia":[{"embeddable":true,"href":"https:\/\/www.federacaopaulistadefutsal.com.br\/novo\/wp-json\/wp\/v2\/media\/27418"}],"wp:attachment":[{"href":"https:\/\/www.federacaopaulistadefutsal.com.br\/novo\/wp-json\/wp\/v2\/media?parent=27417"}],"wp:term":[{"taxonomy":"category","embeddable":true,"href":"https:\/\/www.federacaopaulistadefutsal.com.br\/novo\/wp-json\/wp\/v2\/categories?post=27417"},{"taxonomy":"post_tag","embeddable":true,"href":"https:\/\/www.federacaopaulistadefutsal.com.br\/novo\/wp-json\/wp\/v2\/tags?post=27417"}],"curies":[{"name":"wp","href":"https:\/\/api.w.org\/{rel}","templated":true}]}}