{"id":27466,"date":"2019-01-21T19:27:07","date_gmt":"2019-01-21T19:27:07","guid":{"rendered":"http:\/\/www.federacaopaulistadefutsal.com.br\/novo\/?p=27466"},"modified":"2019-01-21T19:27:07","modified_gmt":"2019-01-21T19:27:07","slug":"retrospectiva-sao-caetano-futsal-e-campeao-dos-jogos-regionais","status":"publish","type":"post","link":"https:\/\/www.federacaopaulistadefutsal.com.br\/novo\/retrospectiva-sao-caetano-futsal-e-campeao-dos-jogos-regionais\/","title":{"rendered":"Retrospectiva: S\u00e3o Caetano Futsal \u00e9 campe\u00e3o dos Jogos Regionais"},"content":{"rendered":"<p>A equipe do S\u00e3o Cetano Futsal, categoria sub-18,\u00a0 entrou em quadra para decidir o t\u00edtulo dos Jogos Regionais de Santo Andr\u00e9, e se deu bem ao vencer Cubat\u00e3o pela contagem de 4 x 1. A conquista tamb\u00e9m foi a primeira do t\u00e9cnico Ronaldo Cavallaro, que estreou nesta competi\u00e7\u00e3o como treinador (anteriormente, j\u00e1 havia conquistados outras competi\u00e7\u00f5es, por\u00e9m, como auxiliar).<\/p>\n<p>Al\u00e9m de Ronaldo, vale frisar o trabalho desenvolvido pelo coordenador Bruno Zuchinalli: \u201cEstou muito feliz por ganhar meu primeiro t\u00edtulo como treinador. Tamb\u00e9m feliz por todo o elenco, jogadores e comiss\u00e3o t\u00e9cnica. Fizemos uma campanha s\u00f3lida e fomos coroados com esta primeira coloca\u00e7\u00e3o\u201d, disse.<\/p>\n<p><strong>Campanha:<\/strong><\/p>\n<p><em>\u00a0S\u00e3o Caetano Futsal 8\u00d70 Mau\u00e1<\/em><\/p>\n<p><em>S\u00e3o Caetano Futsal \u00a05\u00d72 S\u00e3o Vicente<\/em><\/p>\n<p><em>S\u00e3o Caetano Futsal \u00a04\u00d74 Santo Andr\u00e9 (5\u00d74 ap\u00f3s as penalidades)<\/em><\/p>\n<p><em>S\u00e3o Caetano Futsal 8\u00d76 Itapevi<\/em><\/p>\n<p><em>S\u00e3o Caetano Futsal 4\u00d71 Cubat\u00e3o<\/em><\/p>\n<p><strong>Foto: Divulga\u00e7\u00e3o<\/strong><\/p>\n","protected":false},"excerpt":{"rendered":"<p>A equipe do S\u00e3o Cetano Futsal, categoria sub-18,\u00a0 entrou em quadra para decidir o t\u00edtulo dos Jogos Regionais de Santo<\/p>\n","protected":false},"author":2,"featured_media":27467,"comment_status":"open","ping_status":"open","sticky":false,"template":"","format":"standard","meta":{"footnotes":""},"categories":[33,2651],"tags":[469,42,1437,2193],"class_list":["post-27466","post","type-post","status-publish","format-standard","has-post-thumbnail","hentry","category-menores","category-noticias","tag-campeao","tag-fpfs","tag-jogos-regionais","tag-sao-caetano-futsal"],"_links":{"self":[{"href":"https:\/\/www.federacaopaulistadefutsal.com.br\/novo\/wp-json\/wp\/v2\/posts\/27466","targetHints":{"allow":["GET"]}}],"collection":[{"href":"https:\/\/www.federacaopaulistadefutsal.com.br\/novo\/wp-json\/wp\/v2\/posts"}],"about":[{"href":"https:\/\/www.federacaopaulistadefutsal.com.br\/novo\/wp-json\/wp\/v2\/types\/post"}],"author":[{"embeddable":true,"href":"https:\/\/www.federacaopaulistadefutsal.com.br\/novo\/wp-json\/wp\/v2\/users\/2"}],"replies":[{"embeddable":true,"href":"https:\/\/www.federacaopaulistadefutsal.com.br\/novo\/wp-json\/wp\/v2\/comments?post=27466"}],"version-history":[{"count":1,"href":"https:\/\/www.federacaopaulistadefutsal.com.br\/novo\/wp-json\/wp\/v2\/posts\/27466\/revisions"}],"predecessor-version":[{"id":27468,"href":"https:\/\/www.federacaopaulistadefutsal.com.br\/novo\/wp-json\/wp\/v2\/posts\/27466\/revisions\/27468"}],"wp:featuredmedia":[{"embeddable":true,"href":"https:\/\/www.federacaopaulistadefutsal.com.br\/novo\/wp-json\/wp\/v2\/media\/27467"}],"wp:attachment":[{"href":"https:\/\/www.federacaopaulistadefutsal.com.br\/novo\/wp-json\/wp\/v2\/media?parent=27466"}],"wp:term":[{"taxonomy":"category","embeddable":true,"href":"https:\/\/www.federacaopaulistadefutsal.com.br\/novo\/wp-json\/wp\/v2\/categories?post=27466"},{"taxonomy":"post_tag","embeddable":true,"href":"https:\/\/www.federacaopaulistadefutsal.com.br\/novo\/wp-json\/wp\/v2\/tags?post=27466"}],"curies":[{"name":"wp","href":"https:\/\/api.w.org\/{rel}","templated":true}]}}