{"id":27535,"date":"2019-01-24T15:47:10","date_gmt":"2019-01-24T15:47:10","guid":{"rendered":"http:\/\/www.federacaopaulistadefutsal.com.br\/novo\/?p=27535"},"modified":"2019-01-24T16:49:46","modified_gmt":"2019-01-24T16:49:46","slug":"sub-18-do-corinthians-se-apresenta-para-temporada-de-2019","status":"publish","type":"post","link":"https:\/\/www.federacaopaulistadefutsal.com.br\/novo\/sub-18-do-corinthians-se-apresenta-para-temporada-de-2019\/","title":{"rendered":"Sub-18 do Corinthians se apresenta para temporada de 2019"},"content":{"rendered":"<p>Nesta quarta-feira (23), o sub-18 do Corinthians\u00a0 voltou aos trabalhos no Parque S\u00e3o Jorge. Em atividade interna, diretoria e comiss\u00e3o t\u00e9cnica conversaram com os jogadores sobre a prepara\u00e7\u00e3o e proje\u00e7\u00e3o da temporada 2019.\u00a0O sub-18 do Corinthians \u00e9 o atual Campe\u00e3o Mundial, t\u00edtulo conquistado em dezembro de 2018 e visa novamente a conquista do campeonato.<\/p>\n<p>Lucas, jogador do sub-18, projetou um Corinthians forte: \u201cEsperamos conseguir manter o ritmo do ano passado, conseguindo alcan\u00e7ar nossos objetivos e t\u00edtulos. Queremos ganhar tudo o que ganhamos ano passado\u201d.<\/p>\n<p>Daniel Magalh\u00e3es, o treinador do time,\u00a0\u00a0diz esperar um 2019 t\u00e3o bom quanto 2018: \u201cEsperamos um ano t\u00e3o bom quanto o ano passado, montamos uma equipe com bons valores individuais, com jogadores da base do Corinthians, que est\u00e3o aqui desde o sub-11\u201d.<\/p>\n<p>O t\u00e9cnico do Tim\u00e3o comentou tamb\u00e9m sobre o que espera do time nas competi\u00e7\u00f5es futuras: \u201cTemos expectativas de ir bem nas tr\u00eas competi\u00e7\u00f5es que vamos jogar (Metropolitano, Paulista e o Mundial). Espero que os atletas e a comiss\u00e3o t\u00e9cnica estejam focados e unidos em um s\u00f3 objetivo, de competir em alto n\u00edvel em todas competi\u00e7\u00f5es.\u201d<\/p>\n<p>&nbsp;<\/p>\n","protected":false},"excerpt":{"rendered":"<p>Nesta quarta-feira (23), o sub-18 do Corinthians\u00a0 voltou aos trabalhos no Parque S\u00e3o Jorge. Em atividade interna, diretoria e comiss\u00e3o<\/p>\n","protected":false},"author":2,"featured_media":27536,"comment_status":"open","ping_status":"open","sticky":false,"template":"","format":"standard","meta":{"footnotes":""},"categories":[2660,33,2651],"tags":[42,2153,2341],"class_list":["post-27535","post","type-post","status-publish","format-standard","has-post-thumbnail","hentry","category-home-destaque","category-menores","category-noticias","tag-fpfs","tag-s-c-corinthians-paulista","tag-sub-18"],"_links":{"self":[{"href":"https:\/\/www.federacaopaulistadefutsal.com.br\/novo\/wp-json\/wp\/v2\/posts\/27535","targetHints":{"allow":["GET"]}}],"collection":[{"href":"https:\/\/www.federacaopaulistadefutsal.com.br\/novo\/wp-json\/wp\/v2\/posts"}],"about":[{"href":"https:\/\/www.federacaopaulistadefutsal.com.br\/novo\/wp-json\/wp\/v2\/types\/post"}],"author":[{"embeddable":true,"href":"https:\/\/www.federacaopaulistadefutsal.com.br\/novo\/wp-json\/wp\/v2\/users\/2"}],"replies":[{"embeddable":true,"href":"https:\/\/www.federacaopaulistadefutsal.com.br\/novo\/wp-json\/wp\/v2\/comments?post=27535"}],"version-history":[{"count":1,"href":"https:\/\/www.federacaopaulistadefutsal.com.br\/novo\/wp-json\/wp\/v2\/posts\/27535\/revisions"}],"predecessor-version":[{"id":27537,"href":"https:\/\/www.federacaopaulistadefutsal.com.br\/novo\/wp-json\/wp\/v2\/posts\/27535\/revisions\/27537"}],"wp:featuredmedia":[{"embeddable":true,"href":"https:\/\/www.federacaopaulistadefutsal.com.br\/novo\/wp-json\/wp\/v2\/media\/27536"}],"wp:attachment":[{"href":"https:\/\/www.federacaopaulistadefutsal.com.br\/novo\/wp-json\/wp\/v2\/media?parent=27535"}],"wp:term":[{"taxonomy":"category","embeddable":true,"href":"https:\/\/www.federacaopaulistadefutsal.com.br\/novo\/wp-json\/wp\/v2\/categories?post=27535"},{"taxonomy":"post_tag","embeddable":true,"href":"https:\/\/www.federacaopaulistadefutsal.com.br\/novo\/wp-json\/wp\/v2\/tags?post=27535"}],"curies":[{"name":"wp","href":"https:\/\/api.w.org\/{rel}","templated":true}]}}