{"id":27585,"date":"2019-01-29T13:05:08","date_gmt":"2019-01-29T13:05:08","guid":{"rendered":"http:\/\/www.federacaopaulistadefutsal.com.br\/novo\/?p=27585"},"modified":"2019-02-07T00:29:49","modified_gmt":"2019-02-07T00:29:49","slug":"futsal-feminino-do-sao-bernardosabesp-abre-seletivas-nas-categorias-adulto-e-sub-20","status":"publish","type":"post","link":"https:\/\/www.federacaopaulistadefutsal.com.br\/novo\/futsal-feminino-do-sao-bernardosabesp-abre-seletivas-nas-categorias-adulto-e-sub-20\/","title":{"rendered":"Futsal feminino do S\u00e3o Bernardo\/Sabesp abre seletivas nas Categorias Adulto e sub-20"},"content":{"rendered":"<p>Pensando nas competi\u00e7\u00f5es que disputar\u00e1 ao longo da temporada 2019,\u00a0 o S\u00e3o Bernardo\/Sabesp abre seletivas nas Categorias Adulto e sub-20.<\/p>\n<p>Os testes ser\u00e3o realizados no gin\u00e1sio Poliesportivo Adib Mois\u00e9s, a partir das 10h, dia 16\/02 (s\u00e1bado).<\/p>\n<p>As interessas devem levar RG e material esportivo adequado \u00e0 pratica de futsal (t\u00eanis de futsal, cal\u00e7\u00e3o, camisa).<\/p>\n<p>Mais informa\u00e7\u00f5es: Fl\u00e1via Massagardi (11) 99974-5270.<\/p>\n<p>Endere\u00e7o: Av. Kennedy, 1155.<\/p>\n<p>&nbsp;<\/p>\n","protected":false},"excerpt":{"rendered":"<p>Pensando nas competi\u00e7\u00f5es que disputar\u00e1 ao longo da temporada 2019,\u00a0 o S\u00e3o Bernardo\/Sabesp abre seletivas nas Categorias Adulto e sub-20.<\/p>\n","protected":false},"author":2,"featured_media":27415,"comment_status":"open","ping_status":"open","sticky":false,"template":"","format":"standard","meta":{"footnotes":""},"categories":[26,2651],"tags":[42,1138,1745],"class_list":["post-27585","post","type-post","status-publish","format-standard","has-post-thumbnail","hentry","category-feminino","category-noticias","tag-fpfs","tag-futsal-feminino","tag-novas-peneiras"],"_links":{"self":[{"href":"https:\/\/www.federacaopaulistadefutsal.com.br\/novo\/wp-json\/wp\/v2\/posts\/27585","targetHints":{"allow":["GET"]}}],"collection":[{"href":"https:\/\/www.federacaopaulistadefutsal.com.br\/novo\/wp-json\/wp\/v2\/posts"}],"about":[{"href":"https:\/\/www.federacaopaulistadefutsal.com.br\/novo\/wp-json\/wp\/v2\/types\/post"}],"author":[{"embeddable":true,"href":"https:\/\/www.federacaopaulistadefutsal.com.br\/novo\/wp-json\/wp\/v2\/users\/2"}],"replies":[{"embeddable":true,"href":"https:\/\/www.federacaopaulistadefutsal.com.br\/novo\/wp-json\/wp\/v2\/comments?post=27585"}],"version-history":[{"count":2,"href":"https:\/\/www.federacaopaulistadefutsal.com.br\/novo\/wp-json\/wp\/v2\/posts\/27585\/revisions"}],"predecessor-version":[{"id":27822,"href":"https:\/\/www.federacaopaulistadefutsal.com.br\/novo\/wp-json\/wp\/v2\/posts\/27585\/revisions\/27822"}],"wp:featuredmedia":[{"embeddable":true,"href":"https:\/\/www.federacaopaulistadefutsal.com.br\/novo\/wp-json\/wp\/v2\/media\/27415"}],"wp:attachment":[{"href":"https:\/\/www.federacaopaulistadefutsal.com.br\/novo\/wp-json\/wp\/v2\/media?parent=27585"}],"wp:term":[{"taxonomy":"category","embeddable":true,"href":"https:\/\/www.federacaopaulistadefutsal.com.br\/novo\/wp-json\/wp\/v2\/categories?post=27585"},{"taxonomy":"post_tag","embeddable":true,"href":"https:\/\/www.federacaopaulistadefutsal.com.br\/novo\/wp-json\/wp\/v2\/tags?post=27585"}],"curies":[{"name":"wp","href":"https:\/\/api.w.org\/{rel}","templated":true}]}}