{"id":27623,"date":"2019-01-31T13:23:51","date_gmt":"2019-01-31T13:23:51","guid":{"rendered":"http:\/\/www.federacaopaulistadefutsal.com.br\/novo\/?p=27623"},"modified":"2019-01-31T13:23:51","modified_gmt":"2019-01-31T13:23:51","slug":"a-e-incriveis-abre-avaliacoes-para-goleiros-e-posicoes-de-linha","status":"publish","type":"post","link":"https:\/\/www.federacaopaulistadefutsal.com.br\/novo\/a-e-incriveis-abre-avaliacoes-para-goleiros-e-posicoes-de-linha\/","title":{"rendered":"A.E. Incr\u00edveis abre avalia\u00e7\u00f5es para goleiros e posi\u00e7\u00f5es de linha"},"content":{"rendered":"<p>Nos dias 31\/01 (quinta-feira) e 05\/02 (ter\u00e7a-feira), a A.E. incr\u00edveis realizar\u00e1 peneiras nas categorias sub-12 e sub-14, visando as forma\u00e7\u00f5es de elencos para as competi\u00e7\u00f5es que ir\u00e1 disputar na temporada 2019.<\/p>\n<p>No sub-12 e 14, as avalia\u00e7\u00f5es ocorrem nas posi\u00e7\u00f5es de linha e goleiros, enquanto no sub-16 ser\u00e3o apenas para a de goleiros.<\/p>\n<p>Para mais informa\u00e7\u00f5es sobre hor\u00e1rio, entrar em contato com o coordenador Danilo.<\/p>\n<p>Telefone: (11) 99778-8336<br \/>\nLocal: Rua J\u00falio Macedo, 148 &#8211; Jd. Santa Maria, pr\u00f3ximo ao shopping Aricanduva.<\/p>\n<p>&nbsp;<\/p>\n","protected":false},"excerpt":{"rendered":"<p>Nos dias 31\/01 (quinta-feira) e 05\/02 (ter\u00e7a-feira), a A.E. incr\u00edveis realizar\u00e1 peneiras nas categorias sub-12 e sub-14, visando as forma\u00e7\u00f5es<\/p>\n","protected":false},"author":2,"featured_media":27592,"comment_status":"open","ping_status":"open","sticky":false,"template":"","format":"standard","meta":{"footnotes":""},"categories":[33,2651],"tags":[2670,41,42,1745],"class_list":["post-27623","post","type-post","status-publish","format-standard","has-post-thumbnail","hentry","category-menores","category-noticias","tag-a-e-incriveis","tag-categorias-menores","tag-fpfs","tag-novas-peneiras"],"_links":{"self":[{"href":"https:\/\/www.federacaopaulistadefutsal.com.br\/novo\/wp-json\/wp\/v2\/posts\/27623","targetHints":{"allow":["GET"]}}],"collection":[{"href":"https:\/\/www.federacaopaulistadefutsal.com.br\/novo\/wp-json\/wp\/v2\/posts"}],"about":[{"href":"https:\/\/www.federacaopaulistadefutsal.com.br\/novo\/wp-json\/wp\/v2\/types\/post"}],"author":[{"embeddable":true,"href":"https:\/\/www.federacaopaulistadefutsal.com.br\/novo\/wp-json\/wp\/v2\/users\/2"}],"replies":[{"embeddable":true,"href":"https:\/\/www.federacaopaulistadefutsal.com.br\/novo\/wp-json\/wp\/v2\/comments?post=27623"}],"version-history":[{"count":1,"href":"https:\/\/www.federacaopaulistadefutsal.com.br\/novo\/wp-json\/wp\/v2\/posts\/27623\/revisions"}],"predecessor-version":[{"id":27624,"href":"https:\/\/www.federacaopaulistadefutsal.com.br\/novo\/wp-json\/wp\/v2\/posts\/27623\/revisions\/27624"}],"wp:featuredmedia":[{"embeddable":true,"href":"https:\/\/www.federacaopaulistadefutsal.com.br\/novo\/wp-json\/wp\/v2\/media\/27592"}],"wp:attachment":[{"href":"https:\/\/www.federacaopaulistadefutsal.com.br\/novo\/wp-json\/wp\/v2\/media?parent=27623"}],"wp:term":[{"taxonomy":"category","embeddable":true,"href":"https:\/\/www.federacaopaulistadefutsal.com.br\/novo\/wp-json\/wp\/v2\/categories?post=27623"},{"taxonomy":"post_tag","embeddable":true,"href":"https:\/\/www.federacaopaulistadefutsal.com.br\/novo\/wp-json\/wp\/v2\/tags?post=27623"}],"curies":[{"name":"wp","href":"https:\/\/api.w.org\/{rel}","templated":true}]}}