{"id":27633,"date":"2019-02-01T18:01:23","date_gmt":"2019-02-01T18:01:23","guid":{"rendered":"http:\/\/www.federacaopaulistadefutsal.com.br\/novo\/?p=27633"},"modified":"2019-02-01T18:43:02","modified_gmt":"2019-02-01T18:43:02","slug":"onde-tudo-comecou-escrevente-e-atleta","status":"publish","type":"post","link":"https:\/\/www.federacaopaulistadefutsal.com.br\/novo\/onde-tudo-comecou-escrevente-e-atleta\/","title":{"rendered":"&#8220;Onde tudo come\u00e7ou&#8221;: escrevente e atleta"},"content":{"rendered":"<p>Relembrando as carreiras de grandes atletas de d\u00e9cadas passadas, o &#8220;Onde tudo come\u00e7ou&#8221; desta sexta-feira (1\/02) ser\u00e1 com o ex-salonista Walmir &#8220;Preto&#8221;. O ex-jogador marcou hist\u00f3ria nos seus tempos de Gercan quando conquistou o primeiro t\u00edtulo Metropolitano com o clube. A equipe, que era formada por sua maioria pelos pr\u00f3prios funcion\u00e1rios de um cart\u00f3rio de registro e notas da cidade de S\u00e3o Paulo, venceram na final a forte equipe do \u00c1gua Branca.<\/p>\n<p>Mas, antes de brilhar dentro das quadras, Walmir &#8220;Preto&#8221;, assim apelidado pelos colegas, n\u00e3o entrou para a modalidade logo e iniciou. Ainda com 14 anos de idade, o funcion\u00e1rio do 3\u00ba Cart\u00f3rio de Registros e Notas jogava apenas futebol de campo. Como na \u00e9poca os pais ficaram receosos do ent\u00e3o garoto dar continuidade nos gramados, Walmir migrou para o futsal, e ficou apenas um ano jogando na base, na categoria Juvenil, e logo depois foi para o profissional.<\/p>\n<p>Com passagens por AABB, T\u00eanis Clube Paulista, \u00c1gua Branca e GM, al\u00e9m do Gercan, Walmir, que atuava como ala-esquerdo,\u00a0 se firmou como um dos principais atletas da sua gera\u00e7\u00e3o.<\/p>\n<p>Enquanto jogador, assim como muitos do seu tempo, dividia seu tempo com a profiss\u00e3o de escrevente no cart\u00f3rio e cursava faculdade de Arquitetura. No clube paulista, entre os anos de 1985 e 1986, jogou ao lado de craques como: Douglas Pierrotti, Pan\u00e7a, Serginho, Radam\u00e9s, Medina, Robert\u00e3o, Paulinho Rosas, PC de Oliveira, Ramon (atual Presidente da FPFS), Marquinhos, Jo\u00e3o Luis, dentre outros, al\u00e9m de ser treinado por Marcos Barbosa e Renato Toni.<\/p>\n<figure id=\"attachment_27635\" aria-describedby=\"caption-attachment-27635\" style=\"width: 600px\" class=\"wp-caption aligncenter\"><img fetchpriority=\"high\" decoding=\"async\" class=\"size-full wp-image-27635\" src=\"http:\/\/www.federacaopaulistadefutsal.com.br\/novo\/wp-content\/uploads\/2019\/02\/gercan-2.jpg\" alt=\"\" width=\"600\" height=\"441\" srcset=\"https:\/\/www.federacaopaulistadefutsal.com.br\/novo\/wp-content\/uploads\/2019\/02\/gercan-2.jpg 600w, https:\/\/www.federacaopaulistadefutsal.com.br\/novo\/wp-content\/uploads\/2019\/02\/gercan-2-300x221.jpg 300w\" sizes=\"(max-width: 600px) 100vw, 600px\" \/><figcaption id=\"caption-attachment-27635\" class=\"wp-caption-text\">Foto de 1986 &#8211; Em p\u00e9: Radam\u00e9s, Cachorro Loco, PC, Jo\u00e3o Luis, J\u00fanior, Paulinho Rosas, Robert\u00e3o e PC de Oliveira. Agachados: Medina, Marquinhos, Serginho, Walmir Preto, Douglas e Sr. Natan.<\/figcaption><\/figure>\n<p>Al\u00e9m do t\u00edtulo Metropolitano, Walmir &#8220;Preto&#8221; teve uma vitoriosa carreira em campeonatos universit\u00e1rios. Foi tricampe\u00e3o Universit\u00e1rio, campe\u00e3o Mundial Universit\u00e1rio com a sele\u00e7\u00e3o brasileira e campe\u00e3o pelos Veteranos Universit\u00e1rios. Com a sele\u00e7\u00e3o paulista tamb\u00e9m teve \u00eaxito, conquistando o Torneio Internacional de Jales.\u00a0 Vestindo as cores da camisa verde e amarela, foi campe\u00e3o Sul-Americano e dos jogos Pan-Americanos, no M\u00e9xico.<\/p>\n<p>Atualmente, Walmir\u00a0 &#8220;Preto&#8221; mora em S\u00e3o Paulo, aos 63 anos de idade, e segue a sua rotina de trabalho no 3\u00ba Cart\u00f3rio de Registros e Notas de S\u00e3o Paulo.<\/p>\n<p>&#8220;Todos os momentos que se passa com os amigos do futsal s\u00e3o muito engra\u00e7ados porque nos divertimos muito. Somos uma grande fam\u00edlia. Um fato inusitado que\u00a0 aconteceu foi a minha convoca\u00e7\u00e3o para a sele\u00e7\u00e3o brasileira em 1979 sem disputar o campeonato paulista, sendo questionado pelas atletas de outros estados em que clube eu jogava&#8221;, relembra Walmir.<\/p>\n<p>Indagado\u00a0 sobre a modalidade ainda n\u00e3o ser um esporte ol\u00edmpico, ele conclui. &#8221; O futsal precisa ser um esporte ol\u00edmpico para que ganhe o valor que esse esporte extraordin\u00e1rio merece&#8221;.<\/p>\n<figure id=\"attachment_27636\" aria-describedby=\"caption-attachment-27636\" style=\"width: 640px\" class=\"wp-caption aligncenter\"><img decoding=\"async\" class=\" wp-image-27636\" src=\"http:\/\/www.federacaopaulistadefutsal.com.br\/novo\/wp-content\/uploads\/2019\/02\/51177880_322418141736254_4872363393396244480_n-1024x768.jpg\" alt=\"\" width=\"640\" height=\"480\" srcset=\"https:\/\/www.federacaopaulistadefutsal.com.br\/novo\/wp-content\/uploads\/2019\/02\/51177880_322418141736254_4872363393396244480_n-1024x768.jpg 1024w, https:\/\/www.federacaopaulistadefutsal.com.br\/novo\/wp-content\/uploads\/2019\/02\/51177880_322418141736254_4872363393396244480_n-300x225.jpg 300w, https:\/\/www.federacaopaulistadefutsal.com.br\/novo\/wp-content\/uploads\/2019\/02\/51177880_322418141736254_4872363393396244480_n-768x576.jpg 768w, https:\/\/www.federacaopaulistadefutsal.com.br\/novo\/wp-content\/uploads\/2019\/02\/51177880_322418141736254_4872363393396244480_n.jpg 1280w\" sizes=\"(max-width: 640px) 100vw, 640px\" \/><figcaption id=\"caption-attachment-27636\" class=\"wp-caption-text\">Na foto: Walmir &#8220;Preto&#8221;, Miral, Jos\u00e9 Roberto, Ramon e Fabinho<\/figcaption><\/figure>\n<p>&nbsp;<\/p>\n","protected":false},"excerpt":{"rendered":"<p>Relembrando as carreiras de grandes atletas de d\u00e9cadas passadas, o &#8220;Onde tudo come\u00e7ou&#8221; desta sexta-feira (1\/02) ser\u00e1 com o ex-salonista<\/p>\n","protected":false},"author":2,"featured_media":27637,"comment_status":"open","ping_status":"open","sticky":false,"template":"","format":"standard","meta":{"footnotes":""},"categories":[2660,25,32,2651,1,2692,35],"tags":[653,42,2686,2240],"class_list":["post-27633","post","type-post","status-publish","format-standard","has-post-thumbnail","hentry","category-home-destaque","category-destaques","category-maiores","category-noticias","category-novidades","category-onde-tudo-comecou","category-selecao","tag-competicoes","tag-fpfs","tag-onde-tudo-comecou","tag-selecao-brasileira"],"_links":{"self":[{"href":"https:\/\/www.federacaopaulistadefutsal.com.br\/novo\/wp-json\/wp\/v2\/posts\/27633","targetHints":{"allow":["GET"]}}],"collection":[{"href":"https:\/\/www.federacaopaulistadefutsal.com.br\/novo\/wp-json\/wp\/v2\/posts"}],"about":[{"href":"https:\/\/www.federacaopaulistadefutsal.com.br\/novo\/wp-json\/wp\/v2\/types\/post"}],"author":[{"embeddable":true,"href":"https:\/\/www.federacaopaulistadefutsal.com.br\/novo\/wp-json\/wp\/v2\/users\/2"}],"replies":[{"embeddable":true,"href":"https:\/\/www.federacaopaulistadefutsal.com.br\/novo\/wp-json\/wp\/v2\/comments?post=27633"}],"version-history":[{"count":9,"href":"https:\/\/www.federacaopaulistadefutsal.com.br\/novo\/wp-json\/wp\/v2\/posts\/27633\/revisions"}],"predecessor-version":[{"id":27659,"href":"https:\/\/www.federacaopaulistadefutsal.com.br\/novo\/wp-json\/wp\/v2\/posts\/27633\/revisions\/27659"}],"wp:featuredmedia":[{"embeddable":true,"href":"https:\/\/www.federacaopaulistadefutsal.com.br\/novo\/wp-json\/wp\/v2\/media\/27637"}],"wp:attachment":[{"href":"https:\/\/www.federacaopaulistadefutsal.com.br\/novo\/wp-json\/wp\/v2\/media?parent=27633"}],"wp:term":[{"taxonomy":"category","embeddable":true,"href":"https:\/\/www.federacaopaulistadefutsal.com.br\/novo\/wp-json\/wp\/v2\/categories?post=27633"},{"taxonomy":"post_tag","embeddable":true,"href":"https:\/\/www.federacaopaulistadefutsal.com.br\/novo\/wp-json\/wp\/v2\/tags?post=27633"}],"curies":[{"name":"wp","href":"https:\/\/api.w.org\/{rel}","templated":true}]}}