{"id":27640,"date":"2019-02-01T11:02:44","date_gmt":"2019-02-01T11:02:44","guid":{"rendered":"http:\/\/www.federacaopaulistadefutsal.com.br\/novo\/?p=27640"},"modified":"2019-02-01T11:02:44","modified_gmt":"2019-02-01T11:02:44","slug":"taboao-da-serra-realiza-peneiras-para-atletas-entre-10-e-19-anos","status":"publish","type":"post","link":"https:\/\/www.federacaopaulistadefutsal.com.br\/novo\/taboao-da-serra-realiza-peneiras-para-atletas-entre-10-e-19-anos\/","title":{"rendered":"Tabo\u00e3o da Serra realiza peneiras para atletas entre 10 e 19 anos"},"content":{"rendered":"<p>Compondo o seu elenco de base e profissional para a temporada de 2019, o Tabo\u00e3o da Serra vai realizar no dia 9 de fevereiro (s\u00e1bado), peneiras para a posi\u00e7\u00e3o de goleiro.<\/p>\n<p>As interessadas devem comparecer no local e hor\u00e1rio informados abaixo:<\/p>\n<p>Local: gin\u00e1sio Ayrton Senna<br \/>\nEndere\u00e7o: Rua Jos\u00e9 Francisco dos Santos &#8211; Jd. Helena &#8211; Tabo\u00e3o da Serra\/SP<br \/>\nHor\u00e1rio: 10h<br \/>\nDia: 09\/02<\/p>\n<p>&nbsp;<\/p>\n","protected":false},"excerpt":{"rendered":"<p>Compondo o seu elenco de base e profissional para a temporada de 2019, o Tabo\u00e3o da Serra vai realizar no<\/p>\n","protected":false},"author":2,"featured_media":27641,"comment_status":"open","ping_status":"open","sticky":false,"template":"","format":"standard","meta":{"footnotes":""},"categories":[26,2651],"tags":[439,42,1138,1745],"class_list":["post-27640","post","type-post","status-publish","format-standard","has-post-thumbnail","hentry","category-feminino","category-noticias","tag-c-a-taboao-da-serra","tag-fpfs","tag-futsal-feminino","tag-novas-peneiras"],"_links":{"self":[{"href":"https:\/\/www.federacaopaulistadefutsal.com.br\/novo\/wp-json\/wp\/v2\/posts\/27640","targetHints":{"allow":["GET"]}}],"collection":[{"href":"https:\/\/www.federacaopaulistadefutsal.com.br\/novo\/wp-json\/wp\/v2\/posts"}],"about":[{"href":"https:\/\/www.federacaopaulistadefutsal.com.br\/novo\/wp-json\/wp\/v2\/types\/post"}],"author":[{"embeddable":true,"href":"https:\/\/www.federacaopaulistadefutsal.com.br\/novo\/wp-json\/wp\/v2\/users\/2"}],"replies":[{"embeddable":true,"href":"https:\/\/www.federacaopaulistadefutsal.com.br\/novo\/wp-json\/wp\/v2\/comments?post=27640"}],"version-history":[{"count":1,"href":"https:\/\/www.federacaopaulistadefutsal.com.br\/novo\/wp-json\/wp\/v2\/posts\/27640\/revisions"}],"predecessor-version":[{"id":27642,"href":"https:\/\/www.federacaopaulistadefutsal.com.br\/novo\/wp-json\/wp\/v2\/posts\/27640\/revisions\/27642"}],"wp:featuredmedia":[{"embeddable":true,"href":"https:\/\/www.federacaopaulistadefutsal.com.br\/novo\/wp-json\/wp\/v2\/media\/27641"}],"wp:attachment":[{"href":"https:\/\/www.federacaopaulistadefutsal.com.br\/novo\/wp-json\/wp\/v2\/media?parent=27640"}],"wp:term":[{"taxonomy":"category","embeddable":true,"href":"https:\/\/www.federacaopaulistadefutsal.com.br\/novo\/wp-json\/wp\/v2\/categories?post=27640"},{"taxonomy":"post_tag","embeddable":true,"href":"https:\/\/www.federacaopaulistadefutsal.com.br\/novo\/wp-json\/wp\/v2\/tags?post=27640"}],"curies":[{"name":"wp","href":"https:\/\/api.w.org\/{rel}","templated":true}]}}