{"id":27846,"date":"2019-02-08T11:12:39","date_gmt":"2019-02-08T11:12:39","guid":{"rendered":"http:\/\/www.federacaopaulistadefutsal.com.br\/novo\/?p=27846"},"modified":"2019-02-13T14:37:31","modified_gmt":"2019-02-13T14:37:31","slug":"capao-bonito-e-aabb-fazem-amistoso-preparatorio-nas-categorias-de-base","status":"publish","type":"post","link":"https:\/\/www.federacaopaulistadefutsal.com.br\/novo\/capao-bonito-e-aabb-fazem-amistoso-preparatorio-nas-categorias-de-base\/","title":{"rendered":"Cap\u00e3o Bonito e AABB fazem amistoso preparat\u00f3rio nas categorias de base"},"content":{"rendered":"<p>Com as competi\u00e7\u00f5es realizadas pela FPFS se aproximando, os clubes come\u00e7am a formar os elencos que disputar\u00e3o as respectivas competi\u00e7\u00f5es.<\/p>\n<p>Para dar mais entrosamento entre os elencos, Cap\u00e3o Bonito AABB ir\u00e3o se enfrentar em partidas amistosas o gin\u00e1sio da AABB, capital de S\u00e3o Paulo, a partir das 13 horas, no pr\u00f3ximo dia 23\/2 (s\u00e1bado).<\/p>\n<p>Entrar\u00e3o em quadras as categorias sub-12, 14, 16 e 18 de ambos os times.<\/p>\n<p>Endere\u00e7o: Estrada de Itapecerica da Serra, 1935 &#8211; Santo Amaro.<\/p>\n","protected":false},"excerpt":{"rendered":"<p>Com as competi\u00e7\u00f5es realizadas pela FPFS se aproximando, os clubes come\u00e7am a formar os elencos que disputar\u00e3o as respectivas competi\u00e7\u00f5es.<\/p>\n","protected":false},"author":2,"featured_media":23089,"comment_status":"open","ping_status":"open","sticky":false,"template":"","format":"standard","meta":{"footnotes":""},"categories":[33,19,2651],"tags":[2683,134,219,1147],"class_list":["post-27846","post","type-post","status-publish","format-standard","has-post-thumbnail","hentry","category-menores","category-metropolitano-base-a2","category-noticias","tag-a-e-capao-bonito","tag-aabb","tag-amistosos","tag-futsal-masculino"],"_links":{"self":[{"href":"https:\/\/www.federacaopaulistadefutsal.com.br\/novo\/wp-json\/wp\/v2\/posts\/27846","targetHints":{"allow":["GET"]}}],"collection":[{"href":"https:\/\/www.federacaopaulistadefutsal.com.br\/novo\/wp-json\/wp\/v2\/posts"}],"about":[{"href":"https:\/\/www.federacaopaulistadefutsal.com.br\/novo\/wp-json\/wp\/v2\/types\/post"}],"author":[{"embeddable":true,"href":"https:\/\/www.federacaopaulistadefutsal.com.br\/novo\/wp-json\/wp\/v2\/users\/2"}],"replies":[{"embeddable":true,"href":"https:\/\/www.federacaopaulistadefutsal.com.br\/novo\/wp-json\/wp\/v2\/comments?post=27846"}],"version-history":[{"count":1,"href":"https:\/\/www.federacaopaulistadefutsal.com.br\/novo\/wp-json\/wp\/v2\/posts\/27846\/revisions"}],"predecessor-version":[{"id":27847,"href":"https:\/\/www.federacaopaulistadefutsal.com.br\/novo\/wp-json\/wp\/v2\/posts\/27846\/revisions\/27847"}],"wp:featuredmedia":[{"embeddable":true,"href":"https:\/\/www.federacaopaulistadefutsal.com.br\/novo\/wp-json\/wp\/v2\/media\/23089"}],"wp:attachment":[{"href":"https:\/\/www.federacaopaulistadefutsal.com.br\/novo\/wp-json\/wp\/v2\/media?parent=27846"}],"wp:term":[{"taxonomy":"category","embeddable":true,"href":"https:\/\/www.federacaopaulistadefutsal.com.br\/novo\/wp-json\/wp\/v2\/categories?post=27846"},{"taxonomy":"post_tag","embeddable":true,"href":"https:\/\/www.federacaopaulistadefutsal.com.br\/novo\/wp-json\/wp\/v2\/tags?post=27846"}],"curies":[{"name":"wp","href":"https:\/\/api.w.org\/{rel}","templated":true}]}}