{"id":27885,"date":"2019-02-11T11:16:34","date_gmt":"2019-02-11T11:16:34","guid":{"rendered":"http:\/\/www.federacaopaulistadefutsal.com.br\/novo\/?p=27885"},"modified":"2019-02-13T14:37:09","modified_gmt":"2019-02-13T14:37:09","slug":"base-do-tabuca-juniors-treina-com-foco-nas-competicoes-de-2019","status":"publish","type":"post","link":"https:\/\/www.federacaopaulistadefutsal.com.br\/novo\/base-do-tabuca-juniors-treina-com-foco-nas-competicoes-de-2019\/","title":{"rendered":"Base do Tabuca Juniors treina com foco nas competi\u00e7\u00f5es de 2019"},"content":{"rendered":"<p>Na ter\u00e7a-feira (5), a comiss\u00e3o t\u00e9cnica da base do Tabuca Juniors seguiu com o seu planejamento de treinamentos junto com os jovens jogadores.<\/p>\n<p>Visando as competi\u00e7\u00f5es ao longo da temporada organizadas pela FPFS, o elenco vem treinando no gin\u00e1sio do clube e, aos poucos, vem ganhando entrosamento e melhorando a parte t\u00e1tica.<\/p>\n<p>Na temporada passada, a base do Tabuca Juniors disputou Metropolitano e Estadual Menores. Para a atual temporada, a inten\u00e7\u00e3o \u00e9 participar das duas competi\u00e7\u00f5es.<\/p>\n<p>Foto: Vinicius Nunes<\/p>\n","protected":false},"excerpt":{"rendered":"<p>Na ter\u00e7a-feira (5), a comiss\u00e3o t\u00e9cnica da base do Tabuca Juniors seguiu com o seu planejamento de treinamentos junto com<\/p>\n","protected":false},"author":2,"featured_media":27886,"comment_status":"open","ping_status":"open","sticky":false,"template":"","format":"standard","meta":{"footnotes":""},"categories":[33,12,2651],"tags":[440,41,653,42],"class_list":["post-27885","post","type-post","status-publish","format-standard","has-post-thumbnail","hentry","category-menores","category-metropolitano-base-a1","category-noticias","tag-c-a-tabuca-juniors","tag-categorias-menores","tag-competicoes","tag-fpfs"],"_links":{"self":[{"href":"https:\/\/www.federacaopaulistadefutsal.com.br\/novo\/wp-json\/wp\/v2\/posts\/27885","targetHints":{"allow":["GET"]}}],"collection":[{"href":"https:\/\/www.federacaopaulistadefutsal.com.br\/novo\/wp-json\/wp\/v2\/posts"}],"about":[{"href":"https:\/\/www.federacaopaulistadefutsal.com.br\/novo\/wp-json\/wp\/v2\/types\/post"}],"author":[{"embeddable":true,"href":"https:\/\/www.federacaopaulistadefutsal.com.br\/novo\/wp-json\/wp\/v2\/users\/2"}],"replies":[{"embeddable":true,"href":"https:\/\/www.federacaopaulistadefutsal.com.br\/novo\/wp-json\/wp\/v2\/comments?post=27885"}],"version-history":[{"count":1,"href":"https:\/\/www.federacaopaulistadefutsal.com.br\/novo\/wp-json\/wp\/v2\/posts\/27885\/revisions"}],"predecessor-version":[{"id":27887,"href":"https:\/\/www.federacaopaulistadefutsal.com.br\/novo\/wp-json\/wp\/v2\/posts\/27885\/revisions\/27887"}],"wp:featuredmedia":[{"embeddable":true,"href":"https:\/\/www.federacaopaulistadefutsal.com.br\/novo\/wp-json\/wp\/v2\/media\/27886"}],"wp:attachment":[{"href":"https:\/\/www.federacaopaulistadefutsal.com.br\/novo\/wp-json\/wp\/v2\/media?parent=27885"}],"wp:term":[{"taxonomy":"category","embeddable":true,"href":"https:\/\/www.federacaopaulistadefutsal.com.br\/novo\/wp-json\/wp\/v2\/categories?post=27885"},{"taxonomy":"post_tag","embeddable":true,"href":"https:\/\/www.federacaopaulistadefutsal.com.br\/novo\/wp-json\/wp\/v2\/tags?post=27885"}],"curies":[{"name":"wp","href":"https:\/\/api.w.org\/{rel}","templated":true}]}}