{"id":27949,"date":"2019-02-12T15:26:26","date_gmt":"2019-02-12T15:26:26","guid":{"rendered":"http:\/\/www.federacaopaulistadefutsal.com.br\/novo\/?p=27949"},"modified":"2019-02-12T15:26:26","modified_gmt":"2019-02-12T15:26:26","slug":"sao-jose-inicia-semana-com-treinos-fisicos","status":"publish","type":"post","link":"https:\/\/www.federacaopaulistadefutsal.com.br\/novo\/sao-jose-inicia-semana-com-treinos-fisicos\/","title":{"rendered":"S\u00e3o Jos\u00e9 inicia semana com treinos f\u00edsicos"},"content":{"rendered":"<p>Dando continuidade a sua pr\u00e9-temporada, o elenco do S\u00e3o Jos\u00e9 se reapresentou nessa segunda-feira (11), com trabalhos f\u00edsicos.<\/p>\n<p>Os atletas fizeram trabalhos de velocidade e conversaram o comandante do time na temporada, o treinador Fl\u00e1vio Cavalcante.<\/p>\n<p>Para a atual temporada, o S\u00e3o Jos\u00e9 possui em elenco at\u00e9 o momento 18 atletas:<\/p>\n<ul>\n<li>Goleiros: Daniel (renovou), Rafa (renovou) e Altenir Jr (ex. Pulo do Gato);<\/li>\n<li>Fixos: R\u00f4mulo (ex. Jaragu\u00e1), Pel\u00e9 (ex. Campo Mour\u00e3o) e Fabr\u00edcio (ex. Barueri);<\/li>\n<li>Alas: Gustavinho (renovou), Vandinho (renovou), Biel (ex. Barueri), Yuri (ex. Pulo do Gato), Nikolas (ex. Ara\u00e7atuba), G\u00ea (ex. Tamandar\u00e9 \u2013 PE), Anderson Migulha (ex. Mangolia Snowwolf &#8211; China) e Alegria (ex. Santo Andr\u00e9);<\/li>\n<li>Piv\u00f4s: Don (ex. Intelli), Marcelo (ex. Horizonte \u2013 CE) e Xuxa (ex. Intelli).<\/li>\n<\/ul>\n<p>&nbsp;<\/p>\n","protected":false},"excerpt":{"rendered":"<p>Dando continuidade a sua pr\u00e9-temporada, o elenco do S\u00e3o Jos\u00e9 se reapresentou nessa segunda-feira (11), com trabalhos f\u00edsicos. Os atletas<\/p>\n","protected":false},"author":2,"featured_media":27950,"comment_status":"open","ping_status":"open","sticky":false,"template":"","format":"standard","meta":{"footnotes":""},"categories":[29,2651],"tags":[653,42,2201],"class_list":["post-27949","post","type-post","status-publish","format-standard","has-post-thumbnail","hentry","category-interior","category-noticias","tag-competicoes","tag-fpfs","tag-sao-jose-futsal"],"_links":{"self":[{"href":"https:\/\/www.federacaopaulistadefutsal.com.br\/novo\/wp-json\/wp\/v2\/posts\/27949","targetHints":{"allow":["GET"]}}],"collection":[{"href":"https:\/\/www.federacaopaulistadefutsal.com.br\/novo\/wp-json\/wp\/v2\/posts"}],"about":[{"href":"https:\/\/www.federacaopaulistadefutsal.com.br\/novo\/wp-json\/wp\/v2\/types\/post"}],"author":[{"embeddable":true,"href":"https:\/\/www.federacaopaulistadefutsal.com.br\/novo\/wp-json\/wp\/v2\/users\/2"}],"replies":[{"embeddable":true,"href":"https:\/\/www.federacaopaulistadefutsal.com.br\/novo\/wp-json\/wp\/v2\/comments?post=27949"}],"version-history":[{"count":1,"href":"https:\/\/www.federacaopaulistadefutsal.com.br\/novo\/wp-json\/wp\/v2\/posts\/27949\/revisions"}],"predecessor-version":[{"id":27951,"href":"https:\/\/www.federacaopaulistadefutsal.com.br\/novo\/wp-json\/wp\/v2\/posts\/27949\/revisions\/27951"}],"wp:featuredmedia":[{"embeddable":true,"href":"https:\/\/www.federacaopaulistadefutsal.com.br\/novo\/wp-json\/wp\/v2\/media\/27950"}],"wp:attachment":[{"href":"https:\/\/www.federacaopaulistadefutsal.com.br\/novo\/wp-json\/wp\/v2\/media?parent=27949"}],"wp:term":[{"taxonomy":"category","embeddable":true,"href":"https:\/\/www.federacaopaulistadefutsal.com.br\/novo\/wp-json\/wp\/v2\/categories?post=27949"},{"taxonomy":"post_tag","embeddable":true,"href":"https:\/\/www.federacaopaulistadefutsal.com.br\/novo\/wp-json\/wp\/v2\/tags?post=27949"}],"curies":[{"name":"wp","href":"https:\/\/api.w.org\/{rel}","templated":true}]}}