{"id":28044,"date":"2019-02-15T19:06:17","date_gmt":"2019-02-15T19:06:17","guid":{"rendered":"http:\/\/www.federacaopaulistadefutsal.com.br\/novo\/?p=28044"},"modified":"2019-02-15T21:33:09","modified_gmt":"2019-02-15T21:33:09","slug":"onde-tudo-comecou-mae-invadindo-a-quadra-para-defender-o-filho","status":"publish","type":"post","link":"https:\/\/www.federacaopaulistadefutsal.com.br\/novo\/onde-tudo-comecou-mae-invadindo-a-quadra-para-defender-o-filho\/","title":{"rendered":"&#8220;Onde tudo come\u00e7ou&#8221;: m\u00e3e invadindo a quadra para defender o filho"},"content":{"rendered":"<p>Como j\u00e1 \u00e9 tradi\u00e7\u00e3o, toda sexta-feira a FPFS traz para o seu leitor hist\u00f3rias de ex-salonistas que marcaram \u00e9poca no futebol de sal\u00e3o ou futsal. E, como n\u00e3o poderia ser diferente, hoje vamos contar a hist\u00f3ria de mais um ex-atleta que anotou o seu nome na hist\u00f3ria: Batata.<\/p>\n<p><strong>O in\u00edcio<\/strong><\/p>\n<p>A carreira de Batata come\u00e7ou de uma maneira um tanto quanto inusitada.\u00a0Em 1972, ele foi ao Clube Banespa jogar com os seus primos,\u00a0 e foi visto pelo treinador das categorias menores, Sr. Romeu Frugis. A partir daquele convite, a carreira de Batata come\u00e7aria a despontar. A motiva\u00e7\u00e3o, por consequ\u00eancia, come\u00e7ou a aumentar e ser usada para abrir caminhos na modalidade. &#8220;A motiva\u00e7\u00e3o foi autom\u00e1tica, participar dos jogos e abrir as possibilidades de enfrentar equipes da cidade e do estado, ou seja, jogar no mundo aberto&#8221;, relata Batata.<\/p>\n<figure id=\"attachment_28045\" aria-describedby=\"caption-attachment-28045\" style=\"width: 259px\" class=\"wp-caption aligncenter\"><img fetchpriority=\"high\" decoding=\"async\" class=\" wp-image-28045\" src=\"http:\/\/www.federacaopaulistadefutsal.com.br\/novo\/wp-content\/uploads\/2019\/02\/c67ff8c2-bae8-476a-b25a-1a4015da543e-576x1024.jpg\" alt=\"\" width=\"259\" height=\"459\" srcset=\"https:\/\/www.federacaopaulistadefutsal.com.br\/novo\/wp-content\/uploads\/2019\/02\/c67ff8c2-bae8-476a-b25a-1a4015da543e-576x1024.jpg 576w, https:\/\/www.federacaopaulistadefutsal.com.br\/novo\/wp-content\/uploads\/2019\/02\/c67ff8c2-bae8-476a-b25a-1a4015da543e-169x300.jpg 169w, https:\/\/www.federacaopaulistadefutsal.com.br\/novo\/wp-content\/uploads\/2019\/02\/c67ff8c2-bae8-476a-b25a-1a4015da543e.jpg 581w\" sizes=\"(max-width: 259px) 100vw, 259px\" \/><figcaption id=\"caption-attachment-28045\" class=\"wp-caption-text\">Batata, \u00e0 esquerda, com a camisa do Banespa. em sua \u00e9poca de categorias de base. (Foto: arquivo pessoal)<\/figcaption><\/figure>\n<p><strong>Clubes<\/strong><\/p>\n<p>Foram in\u00fameros na carreira do jogador que atuava na ala-esquerda: \u00c1gua Branca, Transbrasil, GM, Banespa, Bordon, Corinthians, Tejusa\/Indaiatuba, Alcan, Univ. S\u00e3o Judas, Hebraica e Enxuta, clube do Rio Grande do Sul.<\/p>\n<div id='gallery-1' class='gallery galleryid-28044 gallery-columns-2 gallery-size-large'><figure class='gallery-item'>\n\t\t\t<div class='gallery-icon landscape'>\n\t\t\t\t<a href='https:\/\/www.federacaopaulistadefutsal.com.br\/novo\/onde-tudo-comecou-mae-invadindo-a-quadra-para-defender-o-filho\/4a17a9f0-891b-4e0b-99d9-2b3ec1473361\/'><img decoding=\"async\" width=\"800\" height=\"450\" src=\"https:\/\/www.federacaopaulistadefutsal.com.br\/novo\/wp-content\/uploads\/2019\/02\/4a17a9f0-891b-4e0b-99d9-2b3ec1473361-1024x576.jpg\" class=\"attachment-large size-large\" alt=\"\" aria-describedby=\"gallery-1-28046\" srcset=\"https:\/\/www.federacaopaulistadefutsal.com.br\/novo\/wp-content\/uploads\/2019\/02\/4a17a9f0-891b-4e0b-99d9-2b3ec1473361-1024x576.jpg 1024w, https:\/\/www.federacaopaulistadefutsal.com.br\/novo\/wp-content\/uploads\/2019\/02\/4a17a9f0-891b-4e0b-99d9-2b3ec1473361-300x169.jpg 300w, https:\/\/www.federacaopaulistadefutsal.com.br\/novo\/wp-content\/uploads\/2019\/02\/4a17a9f0-891b-4e0b-99d9-2b3ec1473361-768x432.jpg 768w, https:\/\/www.federacaopaulistadefutsal.com.br\/novo\/wp-content\/uploads\/2019\/02\/4a17a9f0-891b-4e0b-99d9-2b3ec1473361.jpg 1032w\" sizes=\"(max-width: 800px) 100vw, 800px\" \/><\/a>\n\t\t\t<\/div>\n\t\t\t\t<figcaption class='wp-caption-text gallery-caption' id='gallery-1-28046'>\n\t\t\t\tBatata \u00e9 o segundo da direita para \u00e0 esquerda em p\u00e9, co, a equipe do Banespa (Foto: arquivo pessoal)\n\t\t\t\t<\/figcaption><\/figure><figure class='gallery-item'>\n\t\t\t<div class='gallery-icon landscape'>\n\t\t\t\t<a href='https:\/\/www.federacaopaulistadefutsal.com.br\/novo\/onde-tudo-comecou-mae-invadindo-a-quadra-para-defender-o-filho\/30696807-b4f1-44f5-9a34-d30fdb13fbfffffd7\/'><img decoding=\"async\" width=\"800\" height=\"450\" src=\"https:\/\/www.federacaopaulistadefutsal.com.br\/novo\/wp-content\/uploads\/2019\/02\/30696807-b4f1-44f5-9a34-d30fdb13fbfffffd7-1024x576.jpg\" class=\"attachment-large size-large\" alt=\"\" aria-describedby=\"gallery-1-28049\" srcset=\"https:\/\/www.federacaopaulistadefutsal.com.br\/novo\/wp-content\/uploads\/2019\/02\/30696807-b4f1-44f5-9a34-d30fdb13fbfffffd7-1024x576.jpg 1024w, https:\/\/www.federacaopaulistadefutsal.com.br\/novo\/wp-content\/uploads\/2019\/02\/30696807-b4f1-44f5-9a34-d30fdb13fbfffffd7-300x169.jpg 300w, https:\/\/www.federacaopaulistadefutsal.com.br\/novo\/wp-content\/uploads\/2019\/02\/30696807-b4f1-44f5-9a34-d30fdb13fbfffffd7-768x432.jpg 768w, https:\/\/www.federacaopaulistadefutsal.com.br\/novo\/wp-content\/uploads\/2019\/02\/30696807-b4f1-44f5-9a34-d30fdb13fbfffffd7.jpg 1032w\" sizes=\"(max-width: 800px) 100vw, 800px\" \/><\/a>\n\t\t\t<\/div>\n\t\t\t\t<figcaption class='wp-caption-text gallery-caption' id='gallery-1-28049'>\n\t\t\t\tNo Bordon, Batata vestia a camisa de n\u00famero 6. (Foto: arquivo pessoal)\n\t\t\t\t<\/figcaption><\/figure>\n\t\t<\/div>\n\n<p><strong>T\u00edtulos conquistados<\/strong><\/p>\n<p>As conquistas s\u00e3o extensas:\u00a0campe\u00e3o Estadual em 86 defendendo o Transbrasil, campe\u00e3o Metropolitano e Brasileiro em 87 tamb\u00e9m vestindo as cores do Transbrasil,\u00a0campe\u00e3o Metropolitano em 89 j\u00e1 defendo o Banespa,\u00a0\u00a0campe\u00e3o Estadual com o Bordon, campe\u00e3o Mundial Universit\u00e1rio na Finl\u00e2ndia como t\u00e9cnico, vice campe\u00e3o Mundial Universit\u00e1rio na Pol\u00f4nia como t\u00e9cnico e campe\u00e3o Brasileiro Universit\u00e1rio com o Fortaleza como t\u00e9cnico.<\/p>\n<figure id=\"attachment_28048\" aria-describedby=\"caption-attachment-28048\" style=\"width: 569px\" class=\"wp-caption aligncenter\"><img loading=\"lazy\" decoding=\"async\" class=\"wp-image-28048\" src=\"http:\/\/www.federacaopaulistadefutsal.com.br\/novo\/wp-content\/uploads\/2019\/02\/3423-1024x576.jpg\" alt=\"\" width=\"569\" height=\"320\" srcset=\"https:\/\/www.federacaopaulistadefutsal.com.br\/novo\/wp-content\/uploads\/2019\/02\/3423-1024x576.jpg 1024w, https:\/\/www.federacaopaulistadefutsal.com.br\/novo\/wp-content\/uploads\/2019\/02\/3423-300x169.jpg 300w, https:\/\/www.federacaopaulistadefutsal.com.br\/novo\/wp-content\/uploads\/2019\/02\/3423-768x432.jpg 768w, https:\/\/www.federacaopaulistadefutsal.com.br\/novo\/wp-content\/uploads\/2019\/02\/3423.jpg 1032w\" sizes=\"(max-width: 569px) 100vw, 569px\" \/><figcaption id=\"caption-attachment-28048\" class=\"wp-caption-text\">Campe\u00e3o Brasileiro Universit\u00e1rio em 1995 como t\u00e9cnico do fortaleza como t\u00e9cnico. Batata \u00e9 o primeiro da esquerda para \u00e0 direita agachado. (Foto: arquivo pessoal)<\/figcaption><\/figure>\n<p><strong>Profiss\u00e3o atual<\/strong><\/p>\n<p>&#8220;Sou professor Universit\u00e1rio\u00a0 e atual t\u00e9cnico de fut 7 da sele\u00e7\u00e3o brasileira. Natural de S\u00e3o Paulo, capital. Estou com 56 anos.<\/p>\n<p><strong>Curiosidades<\/strong><\/p>\n<p>&#8220;Em 1988, o time principal da GM fo jogar com o gin\u00e1sio lotado, eu estava com 28 anos e minha m\u00e3e foi assistir o jogo e sentou na 1\u00b0 fila, junto a cerca. Eu tinha uma tendinite no joelho e, em um determinado instante do 1\u00b0 tempo, perd\u00edamos por 1 x 0 para o Circulo Militar. Em um dividida com o Gersinho, do C\u00edrculo, houve um choque com o meu joelho e ca\u00ed sentindo dor, o massagista Osmar veio me atender. Logo em seguida ele disse: &#8220;Batata olha l\u00e1&#8221;. Levantei a cabe\u00e7a e l\u00e1 estava minha m\u00e3e, invadiu a quadra e querendo pegar o Gersinho, quando vi aquilo (estava deitado) fingi que desmaiei, e o gin\u00e1sio inteiro rindo da invas\u00e3o. N\u00e3o teve jeito, tive que levantar e tir\u00e1 la da quadra, com todo mundo rindo&#8221;, relembra Batata.<\/p>\n<p><strong>Sobre um novo craque na modalidade ap\u00f3s a aposentadora de Falc\u00e3o<\/strong><\/p>\n<p>&#8220;Igual a ele \u00e9 dif\u00edcil, um cara extremamente diferente, pl\u00e1stico, acima da m\u00e9dia, merece todos o m\u00e9ritos que teve. Aqui no Brasil nada \u00e9 imposs\u00edvel, o que temos s\u00e3o\u00a0 muitos jogadores no futsal,\u00a0 milhares de meninos e adolescentes jogando. Elevar o patamar da modalidade est\u00e1 muito ligado a jogos internacionais, televis\u00e3o. Isso pode acontecer ou de forma coletiva, haja vista \u00faltimas atua\u00e7\u00f5es da sele\u00e7\u00e3o brasileira, onde a Sele\u00e7\u00e3o foi muito bem, muito bem treinada pelo Marquinhos Xavier. S\u00e3o possibilidade de jogadores para elevar o n\u00edvel no futsal&#8221;, pontua.<\/p>\n<p><strong>Garimpo de atletas<\/strong><\/p>\n<p>&#8220;\u00c9 um ciclo de muitos anos,onde a garotada, atrav\u00e9s da FPFS , sempre tivemos muitas equipes em todas a categorias. E,\u00a0 com essa massa de jogadores nesse ciclo que temos h\u00e1 muitos anos, n\u00e3o tem essa falta de aten\u00e7\u00e3o. O que falta \u00e0s vezes \u00e9 um pouco mais de competi\u00e7\u00f5es sub-20, esse ciclo n\u00e3o pode ser quebrado at\u00e9 em termos de sele\u00e7\u00e3o brasileira, junto com o resgate dos torneios com os clubes n\u00e3o de camisa, mas tradicionais e que marcaram \u00e9poca, como Hebraica, T\u00eanis Clube, Circulo Militar,\u00a0 resgatas campeonatos da cidade.\u00a0 A Federa\u00e7\u00e3o vem tentando resgatar tamb\u00e9m o futsal do interior que \u00e9 muito rico. Temos um potencial enorme&#8221;, analisa Batata.<\/p>\n<div id='gallery-2' class='gallery galleryid-28044 gallery-columns-2 gallery-size-medium'><figure class='gallery-item'>\n\t\t\t<div class='gallery-icon landscape'>\n\t\t\t\t<a href='https:\/\/www.federacaopaulistadefutsal.com.br\/novo\/onde-tudo-comecou-mae-invadindo-a-quadra-para-defender-o-filho\/attachment\/555555\/'><img loading=\"lazy\" decoding=\"async\" width=\"300\" height=\"180\" src=\"https:\/\/www.federacaopaulistadefutsal.com.br\/novo\/wp-content\/uploads\/2019\/02\/555555-300x180.jpg\" class=\"attachment-medium size-medium\" alt=\"\" aria-describedby=\"gallery-2-28051\" srcset=\"https:\/\/www.federacaopaulistadefutsal.com.br\/novo\/wp-content\/uploads\/2019\/02\/555555-300x180.jpg 300w, https:\/\/www.federacaopaulistadefutsal.com.br\/novo\/wp-content\/uploads\/2019\/02\/555555-768x461.jpg 768w, https:\/\/www.federacaopaulistadefutsal.com.br\/novo\/wp-content\/uploads\/2019\/02\/555555-1024x614.jpg 1024w, https:\/\/www.federacaopaulistadefutsal.com.br\/novo\/wp-content\/uploads\/2019\/02\/555555.jpg 1279w\" sizes=\"(max-width: 300px) 100vw, 300px\" \/><\/a>\n\t\t\t<\/div>\n\t\t\t\t<figcaption class='wp-caption-text gallery-caption' id='gallery-2-28051'>\n\t\t\t\tTime da Transbrasil em 1986, Batata \u00e9 o primeiro agachado da direita para \u00e0 esquerda. O ex-atleta atuou com Miral e Banz\u00e9. (Foto: arquivo pessoal)\n\t\t\t\t<\/figcaption><\/figure><figure class='gallery-item'>\n\t\t\t<div class='gallery-icon portrait'>\n\t\t\t\t<a href='https:\/\/www.federacaopaulistadefutsal.com.br\/novo\/onde-tudo-comecou-mae-invadindo-a-quadra-para-defender-o-filho\/copia\/'><img loading=\"lazy\" decoding=\"async\" width=\"169\" height=\"300\" src=\"https:\/\/www.federacaopaulistadefutsal.com.br\/novo\/wp-content\/uploads\/2019\/02\/c\u00f3pia-169x300.jpg\" class=\"attachment-medium size-medium\" alt=\"\" aria-describedby=\"gallery-2-28052\" srcset=\"https:\/\/www.federacaopaulistadefutsal.com.br\/novo\/wp-content\/uploads\/2019\/02\/c\u00f3pia-169x300.jpg 169w, https:\/\/www.federacaopaulistadefutsal.com.br\/novo\/wp-content\/uploads\/2019\/02\/c\u00f3pia-576x1024.jpg 576w, https:\/\/www.federacaopaulistadefutsal.com.br\/novo\/wp-content\/uploads\/2019\/02\/c\u00f3pia.jpg 581w\" sizes=\"(max-width: 169px) 100vw, 169px\" \/><\/a>\n\t\t\t<\/div>\n\t\t\t\t<figcaption class='wp-caption-text gallery-caption' id='gallery-2-28052'>\n\t\t\t\tBatata tamb\u00e9m se aventurou no futebol de campo, e, 1981, no  j\u00fanior do S\u00e3o Paulo F.C. (Foto: arquivo pessoal)\n\t\t\t\t<\/figcaption><\/figure>\n\t\t<\/div>\n\n<p>&nbsp;<\/p>\n","protected":false},"excerpt":{"rendered":"<p>Como j\u00e1 \u00e9 tradi\u00e7\u00e3o, toda sexta-feira a FPFS traz para o seu leitor hist\u00f3rias de ex-salonistas que marcaram \u00e9poca no<\/p>\n","protected":false},"author":2,"featured_media":28060,"comment_status":"open","ping_status":"open","sticky":false,"template":"","format":"standard","meta":{"footnotes":""},"categories":[2660,25,32,2651,2692],"tags":[42,1130,1147,2686],"class_list":["post-28044","post","type-post","status-publish","format-standard","has-post-thumbnail","hentry","category-home-destaque","category-destaques","category-maiores","category-noticias","category-onde-tudo-comecou","tag-fpfs","tag-futebol-de-salao","tag-futsal-masculino","tag-onde-tudo-comecou"],"_links":{"self":[{"href":"https:\/\/www.federacaopaulistadefutsal.com.br\/novo\/wp-json\/wp\/v2\/posts\/28044","targetHints":{"allow":["GET"]}}],"collection":[{"href":"https:\/\/www.federacaopaulistadefutsal.com.br\/novo\/wp-json\/wp\/v2\/posts"}],"about":[{"href":"https:\/\/www.federacaopaulistadefutsal.com.br\/novo\/wp-json\/wp\/v2\/types\/post"}],"author":[{"embeddable":true,"href":"https:\/\/www.federacaopaulistadefutsal.com.br\/novo\/wp-json\/wp\/v2\/users\/2"}],"replies":[{"embeddable":true,"href":"https:\/\/www.federacaopaulistadefutsal.com.br\/novo\/wp-json\/wp\/v2\/comments?post=28044"}],"version-history":[{"count":7,"href":"https:\/\/www.federacaopaulistadefutsal.com.br\/novo\/wp-json\/wp\/v2\/posts\/28044\/revisions"}],"predecessor-version":[{"id":28077,"href":"https:\/\/www.federacaopaulistadefutsal.com.br\/novo\/wp-json\/wp\/v2\/posts\/28044\/revisions\/28077"}],"wp:featuredmedia":[{"embeddable":true,"href":"https:\/\/www.federacaopaulistadefutsal.com.br\/novo\/wp-json\/wp\/v2\/media\/28060"}],"wp:attachment":[{"href":"https:\/\/www.federacaopaulistadefutsal.com.br\/novo\/wp-json\/wp\/v2\/media?parent=28044"}],"wp:term":[{"taxonomy":"category","embeddable":true,"href":"https:\/\/www.federacaopaulistadefutsal.com.br\/novo\/wp-json\/wp\/v2\/categories?post=28044"},{"taxonomy":"post_tag","embeddable":true,"href":"https:\/\/www.federacaopaulistadefutsal.com.br\/novo\/wp-json\/wp\/v2\/tags?post=28044"}],"curies":[{"name":"wp","href":"https:\/\/api.w.org\/{rel}","templated":true}]}}