{"id":28055,"date":"2019-02-15T11:32:47","date_gmt":"2019-02-15T11:32:47","guid":{"rendered":"http:\/\/www.federacaopaulistadefutsal.com.br\/novo\/?p=28055"},"modified":"2019-02-15T11:32:47","modified_gmt":"2019-02-15T11:32:47","slug":"aabbmapfre-segue-com-rotina-de-treinos-visando-o-paulista","status":"publish","type":"post","link":"https:\/\/www.federacaopaulistadefutsal.com.br\/novo\/aabbmapfre-segue-com-rotina-de-treinos-visando-o-paulista\/","title":{"rendered":"AABB\/MAPFRE segue com rotina de treinos visando o Paulista"},"content":{"rendered":"<p>A equipe principal da AABB\/MAPFRE vem se preparando para a disputa do Campeonato Paulista Masculino, com previs\u00e3o de in\u00edcio na segunda quinzena do m\u00eas de mar\u00e7o.<\/p>\n<p>Na quinta-feira (14\/02), o t\u00e9cnico Kazu reuniu os atletas na beira da quadra para uma conversa e mostrar desenhos t\u00e1ticos que ele acredita ser o ideal para os jogos.<\/p>\n<p>O elenco vem dividindo os treinamentos entre f\u00edsicos e t\u00e1ticos durante a semana.<\/p>\n<p>&nbsp;<\/p>\n<p>&nbsp;<\/p>\n","protected":false},"excerpt":{"rendered":"<p>A equipe principal da AABB\/MAPFRE vem se preparando para a disputa do Campeonato Paulista Masculino, com previs\u00e3o de in\u00edcio na<\/p>\n","protected":false},"author":2,"featured_media":28056,"comment_status":"open","ping_status":"open","sticky":false,"template":"","format":"standard","meta":{"footnotes":""},"categories":[32,2651],"tags":[136,653,42,1151],"class_list":["post-28055","post","type-post","status-publish","format-standard","has-post-thumbnail","hentry","category-maiores","category-noticias","tag-aabbmapfre","tag-competicoes","tag-fpfs","tag-futsal-paulista"],"_links":{"self":[{"href":"https:\/\/www.federacaopaulistadefutsal.com.br\/novo\/wp-json\/wp\/v2\/posts\/28055","targetHints":{"allow":["GET"]}}],"collection":[{"href":"https:\/\/www.federacaopaulistadefutsal.com.br\/novo\/wp-json\/wp\/v2\/posts"}],"about":[{"href":"https:\/\/www.federacaopaulistadefutsal.com.br\/novo\/wp-json\/wp\/v2\/types\/post"}],"author":[{"embeddable":true,"href":"https:\/\/www.federacaopaulistadefutsal.com.br\/novo\/wp-json\/wp\/v2\/users\/2"}],"replies":[{"embeddable":true,"href":"https:\/\/www.federacaopaulistadefutsal.com.br\/novo\/wp-json\/wp\/v2\/comments?post=28055"}],"version-history":[{"count":1,"href":"https:\/\/www.federacaopaulistadefutsal.com.br\/novo\/wp-json\/wp\/v2\/posts\/28055\/revisions"}],"predecessor-version":[{"id":28057,"href":"https:\/\/www.federacaopaulistadefutsal.com.br\/novo\/wp-json\/wp\/v2\/posts\/28055\/revisions\/28057"}],"wp:featuredmedia":[{"embeddable":true,"href":"https:\/\/www.federacaopaulistadefutsal.com.br\/novo\/wp-json\/wp\/v2\/media\/28056"}],"wp:attachment":[{"href":"https:\/\/www.federacaopaulistadefutsal.com.br\/novo\/wp-json\/wp\/v2\/media?parent=28055"}],"wp:term":[{"taxonomy":"category","embeddable":true,"href":"https:\/\/www.federacaopaulistadefutsal.com.br\/novo\/wp-json\/wp\/v2\/categories?post=28055"},{"taxonomy":"post_tag","embeddable":true,"href":"https:\/\/www.federacaopaulistadefutsal.com.br\/novo\/wp-json\/wp\/v2\/tags?post=28055"}],"curies":[{"name":"wp","href":"https:\/\/api.w.org\/{rel}","templated":true}]}}