{"id":28081,"date":"2019-02-18T16:23:35","date_gmt":"2019-02-18T16:23:35","guid":{"rendered":"http:\/\/www.federacaopaulistadefutsal.com.br\/novo\/?p=28081"},"modified":"2019-02-18T16:23:35","modified_gmt":"2019-02-18T16:23:35","slug":"associacao-esportiva-raposas-da-leste-promove-peneiras","status":"publish","type":"post","link":"https:\/\/www.federacaopaulistadefutsal.com.br\/novo\/associacao-esportiva-raposas-da-leste-promove-peneiras\/","title":{"rendered":"Associa\u00e7\u00e3o Esportiva Raposas da Leste promove peneiras"},"content":{"rendered":"<div dir=\"auto\">Buscando fortalecer o elenco para disputar o Metropolitano S\u00e9ries Prata e Bronze, a Associa\u00e7\u00e3o Esportiva Raposas da Leste realiza peneiras nas ter\u00e7as e quartas-feiras, respectivamente, nas categorias sub-18\u00a0 (atletas nascidos em 2001 e 2002), sub-16 (atletas nascidos em 2003 e 2004), sub-14\u00a0(atletas nascidos em 2005 e 2006 ) e sub-12 (atletas nascidos em 2007 d 2008).\u00a0 Confira os hor\u00e1rios:<\/div>\n<div dir=\"auto\">Sub-12: Ter\u00e7a-feira \u2013 das 20h30 \u00e0s 22h00Sub-14:\u00a0 Quarta-feira \u2013 das 20h30 \u00e0s 22h00<\/p>\n<p>Sub-16: Ter\u00e7a-feira \u2013 das 18h00 \u00e0s 19h30<\/p>\n<p>Sub-18:\u00a0 Ter\u00e7a-feira \u2013 das 15h00 \u00e0s 17h00<\/p>\n<p>Goleiros nascidos 06\/07\/08 &#8211; Ter\u00e7a-feira \u2013 das 20h30 \u00e0s 22h00<\/p>\n<p>Para participar da peneira, o interessado tem de comparecer com material e uniforme adequado \u00e0 pr\u00e1tica de futsal (chuteira de sal\u00e3o, shorts, mei\u00e3o e camiseta), al\u00e9m de portar o RG original. A avalia\u00e7\u00e3o ser\u00e1 realizada na quadra Arena Raposas, localizada na rua Urucar\u00e1, 100 \u2013 Cidade Patriarca.<\/p>\n<p>Telefone de contato 94792- 3216 falar com Prof. Marcelo para agendar a avalia\u00e7\u00e3o.<\/p>\n<\/div>\n","protected":false},"excerpt":{"rendered":"<p>Buscando fortalecer o elenco para disputar o Metropolitano S\u00e9ries Prata e Bronze, a Associa\u00e7\u00e3o Esportiva Raposas da Leste realiza peneiras<\/p>\n","protected":false},"author":2,"featured_media":27641,"comment_status":"open","ping_status":"open","sticky":false,"template":"","format":"standard","meta":{"footnotes":""},"categories":[33,2651],"tags":[653,42,1745,2663],"class_list":["post-28081","post","type-post","status-publish","format-standard","has-post-thumbnail","hentry","category-menores","category-noticias","tag-competicoes","tag-fpfs","tag-novas-peneiras","tag-raposas-da-leste"],"_links":{"self":[{"href":"https:\/\/www.federacaopaulistadefutsal.com.br\/novo\/wp-json\/wp\/v2\/posts\/28081","targetHints":{"allow":["GET"]}}],"collection":[{"href":"https:\/\/www.federacaopaulistadefutsal.com.br\/novo\/wp-json\/wp\/v2\/posts"}],"about":[{"href":"https:\/\/www.federacaopaulistadefutsal.com.br\/novo\/wp-json\/wp\/v2\/types\/post"}],"author":[{"embeddable":true,"href":"https:\/\/www.federacaopaulistadefutsal.com.br\/novo\/wp-json\/wp\/v2\/users\/2"}],"replies":[{"embeddable":true,"href":"https:\/\/www.federacaopaulistadefutsal.com.br\/novo\/wp-json\/wp\/v2\/comments?post=28081"}],"version-history":[{"count":2,"href":"https:\/\/www.federacaopaulistadefutsal.com.br\/novo\/wp-json\/wp\/v2\/posts\/28081\/revisions"}],"predecessor-version":[{"id":28089,"href":"https:\/\/www.federacaopaulistadefutsal.com.br\/novo\/wp-json\/wp\/v2\/posts\/28081\/revisions\/28089"}],"wp:featuredmedia":[{"embeddable":true,"href":"https:\/\/www.federacaopaulistadefutsal.com.br\/novo\/wp-json\/wp\/v2\/media\/27641"}],"wp:attachment":[{"href":"https:\/\/www.federacaopaulistadefutsal.com.br\/novo\/wp-json\/wp\/v2\/media?parent=28081"}],"wp:term":[{"taxonomy":"category","embeddable":true,"href":"https:\/\/www.federacaopaulistadefutsal.com.br\/novo\/wp-json\/wp\/v2\/categories?post=28081"},{"taxonomy":"post_tag","embeddable":true,"href":"https:\/\/www.federacaopaulistadefutsal.com.br\/novo\/wp-json\/wp\/v2\/tags?post=28081"}],"curies":[{"name":"wp","href":"https:\/\/api.w.org\/{rel}","templated":true}]}}