{"id":28120,"date":"2019-02-20T12:03:39","date_gmt":"2019-02-20T12:03:39","guid":{"rendered":"http:\/\/www.federacaopaulistadefutsal.com.br\/novo\/?p=28120"},"modified":"2019-02-20T14:26:57","modified_gmt":"2019-02-20T14:26:57","slug":"conmebol-confirma-data-da-decisao-da-liga-sul-americana","status":"publish","type":"post","link":"https:\/\/www.federacaopaulistadefutsal.com.br\/novo\/conmebol-confirma-data-da-decisao-da-liga-sul-americana\/","title":{"rendered":"Conmebol confirma data da decis\u00e3o da Liga Sul-Americana"},"content":{"rendered":"<p>A Conmebol confirmou nesta ter\u00e7a-feira (19\/2) a cidade de Encarnaci\u00f3n, no Paraguai, como sede da final da Liga Sul-Americana de Futsal, entre Brasil e Paraguai &#8211; campe\u00e3o do zonal Norte e Sul, respectivamente. As partidas ocorrem entre os dias 15 e 17 de mar\u00e7o &#8211; mais informa\u00e7\u00f5es ainda ser\u00e3o confirmadas pela entidade.<\/p>\n<p>Lembrando que a competi\u00e7\u00e3o re\u00fane as equipes adulta e sub-20 de cada participante e, com isso, a lista de convocados de cada categoria est\u00e1 definida. Como o per\u00edodo n\u00e3o entra em data Fifa, o grupo chamado pela comiss\u00e3o t\u00e9cnica conta apenas com atletas que atuam no Brasil.<\/p>\n<p>Entre os convocados da Sele\u00e7\u00e3o adulta, destaque para Darlan, da ACBF (RS), que volta a defender o Brasil, al\u00e9m de Danilo Baron &#8211; destaque na temporada vitoriosa de 2018 do Pato (PR).<\/p>\n<p><em>Convocados &#8211;<\/em><\/p>\n<p><strong>Sele\u00e7\u00e3o adulta &#8211;<\/strong><\/p>\n<p>Goleiro &#8211; Gian (ACBF &#8211; RS);<\/p>\n<p>Fixos &#8211; Rodrigo (Magnus &#8211; SP), Le (ACBF &#8211; RS) e Gleidson (Magnus &#8211; SP);<\/p>\n<p>Alas &#8211; Leandro Lino (Magnus -SP), Leandro Caires (Jec &#8211; SC), Danilo Baron (Magnus &#8211; SP), Bruno (Jec &#8211; SC);<\/p>\n<p>Piv\u00f4s &#8211; Darlan (ACBF &#8211; RS) e J\u00e9 (Jaragu\u00e1 &#8211; SC).<\/p>\n<p><strong>Sele\u00e7\u00e3o Sub-20<\/strong><\/p>\n<p>Goleiros &#8211; Caio (Magnus &#8211; SP), Guilherme (ACBF &#8211; RS);<\/p>\n<p>Fixos &#8211; Lucas Gomes (Magnus &#8211; SP), Vinicius (Corinthians &#8211; SP);<\/p>\n<p>Alas &#8211; Vini (Jec &#8211; SC), Daniel (Corinthians &#8211; SP), Ricardinho (Magnus &#8211; SP), Pedro (Magnus &#8211; SP);<\/p>\n<p>Piv\u00f4s &#8211; Alisson (Magnus &#8211; SP) e Israel (Magnus &#8211; SP).<\/p>\n<p><strong>Comiss\u00e3o T\u00e9cnica &#8211;<\/strong><\/p>\n<p>Reinaldo Sim\u00f5es &#8211; Chefe de Delega\u00e7\u00e3o<br \/>\nMarquinhos Xavier &#8211; T\u00e9cnico Sel. Adulta<br \/>\nRenan Franklin &#8211; T\u00e9cnico Sub-20<br \/>\nFernando Ferretti &#8211; Coordenador T\u00e9cnico<br \/>\nS\u00e9rgio Santana &#8211; Preparador F\u00edsico<br \/>\nReinaldo Martins &#8211; M\u00e9dico<br \/>\nKleber Barb\u00e3o &#8211; Fisioterapeuta<br \/>\nAirton Alves &#8211; Rouparia<\/p>\n<p>Informa\u00e7\u00f5es: CBFS<br \/>\nFoto:\u00a0\u00a0Ricardo Artifon\/CBFS<\/p>\n","protected":false},"excerpt":{"rendered":"<p>A Conmebol confirmou nesta ter\u00e7a-feira (19\/2) a cidade de Encarnaci\u00f3n, no Paraguai, como sede da final da Liga Sul-Americana de<\/p>\n","protected":false},"author":2,"featured_media":28121,"comment_status":"open","ping_status":"open","sticky":false,"template":"","format":"standard","meta":{"footnotes":""},"categories":[2660,25,32,2651,35],"tags":[563,42,1147,2240],"class_list":["post-28120","post","type-post","status-publish","format-standard","has-post-thumbnail","hentry","category-home-destaque","category-destaques","category-maiores","category-noticias","category-selecao","tag-cbfs","tag-fpfs","tag-futsal-masculino","tag-selecao-brasileira"],"_links":{"self":[{"href":"https:\/\/www.federacaopaulistadefutsal.com.br\/novo\/wp-json\/wp\/v2\/posts\/28120","targetHints":{"allow":["GET"]}}],"collection":[{"href":"https:\/\/www.federacaopaulistadefutsal.com.br\/novo\/wp-json\/wp\/v2\/posts"}],"about":[{"href":"https:\/\/www.federacaopaulistadefutsal.com.br\/novo\/wp-json\/wp\/v2\/types\/post"}],"author":[{"embeddable":true,"href":"https:\/\/www.federacaopaulistadefutsal.com.br\/novo\/wp-json\/wp\/v2\/users\/2"}],"replies":[{"embeddable":true,"href":"https:\/\/www.federacaopaulistadefutsal.com.br\/novo\/wp-json\/wp\/v2\/comments?post=28120"}],"version-history":[{"count":2,"href":"https:\/\/www.federacaopaulistadefutsal.com.br\/novo\/wp-json\/wp\/v2\/posts\/28120\/revisions"}],"predecessor-version":[{"id":28128,"href":"https:\/\/www.federacaopaulistadefutsal.com.br\/novo\/wp-json\/wp\/v2\/posts\/28120\/revisions\/28128"}],"wp:featuredmedia":[{"embeddable":true,"href":"https:\/\/www.federacaopaulistadefutsal.com.br\/novo\/wp-json\/wp\/v2\/media\/28121"}],"wp:attachment":[{"href":"https:\/\/www.federacaopaulistadefutsal.com.br\/novo\/wp-json\/wp\/v2\/media?parent=28120"}],"wp:term":[{"taxonomy":"category","embeddable":true,"href":"https:\/\/www.federacaopaulistadefutsal.com.br\/novo\/wp-json\/wp\/v2\/categories?post=28120"},{"taxonomy":"post_tag","embeddable":true,"href":"https:\/\/www.federacaopaulistadefutsal.com.br\/novo\/wp-json\/wp\/v2\/tags?post=28120"}],"curies":[{"name":"wp","href":"https:\/\/api.w.org\/{rel}","templated":true}]}}