{"id":2824,"date":"2014-12-01T21:44:36","date_gmt":"2014-12-01T21:44:36","guid":{"rendered":"http:\/\/www.federacaopaulistadefutsal.com.br\/?p=2824"},"modified":"2014-12-01T21:44:36","modified_gmt":"2014-12-01T21:44:36","slug":"desafio-de-craques-por-um-natal-sem-fome-sera-em-sao-caetano","status":"publish","type":"post","link":"https:\/\/www.federacaopaulistadefutsal.com.br\/novo\/desafio-de-craques-por-um-natal-sem-fome-sera-em-sao-caetano\/","title":{"rendered":"Desafio de Craques por um Natal sem Fome ser\u00e1 em S\u00e3o Caetano"},"content":{"rendered":"<p>A sexta edi\u00e7\u00e3o do &#8220;Desafio de Craques por um Natal sem Fome&#8221; &#8211; evento beneficente em prol de fam\u00edlias carentes \u2013 acontece em 20 de dezembro de 2014 (s\u00e1bado), no gin\u00e1sio do \u2018Funda\u00e7\u00e3o\u2019, em S\u00e3o Caetano do Sul (ABC), a partir das 14h30.<br \/>\nA iniciativa contar\u00e1 com grandes nomes do futsal brasileiro: Adriano Foglia, Anjinho, Bet\u00e3o, Kek\u00e9, Fineo, Bissoni, Fabinho,\u00a0 Oito Meia, Ninho, Michael, Thiago Cabe\u00e7a, Leo Costa, Hugo, Paulinho, Felipinho, Garrincha, Nen\u00ea, Didi, Fellipe Mello, Nando Grana, Andrezinho, Waguinho, Foga\u00e7a, Fineo, al\u00e9m dos goleiros Kleber Grund, Thiago Soares, Luan Muller, Careca, Wagn\u00e3o, Vitor e muito mais.<br \/>\nAl\u00e9m dos craques citados, os principais treinadores do Estado de S\u00e3o Paulo tamb\u00e9m confirmaram presen\u00e7a: Kazu, Fernando Cabral, Wesley Szabo, Flavinho Cavalcante, Luis Rodak, Juliano Martins (Jab\u00e1), entre outros.<br \/>\nO CRE Funda\u00e7\u00e3o fica na Rua Cear\u00e1, 509, pr\u00f3ximo \u00e0 esta\u00e7\u00e3o S\u00e3o Caetano da CPTM e Sam\u2019s Club academia. Para assistir ao duelo, ser\u00e1 cobrado um quilo de alimento n\u00e3o perec\u00edvel.<br \/>\nPor Assessoria FPFS<br \/>\nCom informa\u00e7\u00f5es Gilberto Santos<\/p>\n","protected":false},"excerpt":{"rendered":"<p>A sexta edi\u00e7\u00e3o do &#8220;Desafio de Craques por um Natal sem Fome&#8221; &#8211; evento beneficente em prol de fam\u00edlias carentes<\/p>\n","protected":false},"author":1,"featured_media":0,"comment_status":"open","ping_status":"open","sticky":false,"template":"","format":"standard","meta":{"footnotes":""},"categories":[25],"tags":[812,1715],"class_list":["post-2824","post","type-post","status-publish","format-standard","hentry","category-destaques","tag-desafio-de-craques","tag-natal-sem-fome"],"_links":{"self":[{"href":"https:\/\/www.federacaopaulistadefutsal.com.br\/novo\/wp-json\/wp\/v2\/posts\/2824","targetHints":{"allow":["GET"]}}],"collection":[{"href":"https:\/\/www.federacaopaulistadefutsal.com.br\/novo\/wp-json\/wp\/v2\/posts"}],"about":[{"href":"https:\/\/www.federacaopaulistadefutsal.com.br\/novo\/wp-json\/wp\/v2\/types\/post"}],"author":[{"embeddable":true,"href":"https:\/\/www.federacaopaulistadefutsal.com.br\/novo\/wp-json\/wp\/v2\/users\/1"}],"replies":[{"embeddable":true,"href":"https:\/\/www.federacaopaulistadefutsal.com.br\/novo\/wp-json\/wp\/v2\/comments?post=2824"}],"version-history":[{"count":0,"href":"https:\/\/www.federacaopaulistadefutsal.com.br\/novo\/wp-json\/wp\/v2\/posts\/2824\/revisions"}],"wp:attachment":[{"href":"https:\/\/www.federacaopaulistadefutsal.com.br\/novo\/wp-json\/wp\/v2\/media?parent=2824"}],"wp:term":[{"taxonomy":"category","embeddable":true,"href":"https:\/\/www.federacaopaulistadefutsal.com.br\/novo\/wp-json\/wp\/v2\/categories?post=2824"},{"taxonomy":"post_tag","embeddable":true,"href":"https:\/\/www.federacaopaulistadefutsal.com.br\/novo\/wp-json\/wp\/v2\/tags?post=2824"}],"curies":[{"name":"wp","href":"https:\/\/api.w.org\/{rel}","templated":true}]}}