{"id":28255,"date":"2019-02-26T14:13:59","date_gmt":"2019-02-26T14:13:59","guid":{"rendered":"http:\/\/www.federacaopaulistadefutsal.com.br\/novo\/?p=28255"},"modified":"2019-02-26T14:13:59","modified_gmt":"2019-02-26T14:13:59","slug":"santo-andre-realiza-peneiras-no-mes-de-marco-em-sete-categorias","status":"publish","type":"post","link":"https:\/\/www.federacaopaulistadefutsal.com.br\/novo\/santo-andre-realiza-peneiras-no-mes-de-marco-em-sete-categorias\/","title":{"rendered":"Santo Andr\u00e9 realiza peneiras no m\u00eas de mar\u00e7o em sete categorias"},"content":{"rendered":"<p>No dia 2 de mar\u00e7o (s\u00e1bado), o Santo Andr\u00e9 vai realizar seletivas em sete categorias do futsal: sub-8, 9, 10, 12, 14, 16 e 18, no gin\u00e1sio No\u00eamia Assump\u00e7\u00e3o<\/p>\n<p>Os testes t\u00eam in\u00edcio \u00e0s 12h. Confira os hor\u00e1rios:<\/p>\n<p>Sub-8 (nascidos em 2011-2012): 12h<br \/>\nSub-9 (nascidos em 2010): 12h<br \/>\nSub-10 (2009): 12h<\/p>\n<p>Sub-12 (nascidos em 2007): 13h30<br \/>\nSub-14 (nascidos em 2005): 13h30<br \/>\nSub-16 (nascidos em 2003\/2004): 13h30<br \/>\nSub-18 (nascidos em 2001): 13h30<\/p>\n<p>Endere\u00e7o: Rua Cust\u00f3dia, 50 &#8211; Camil\u00f3polis, Santo Andr\u00e9<\/p>\n","protected":false},"excerpt":{"rendered":"<p>No dia 2 de mar\u00e7o (s\u00e1bado), o Santo Andr\u00e9 vai realizar seletivas em sete categorias do futsal: sub-8, 9, 10,<\/p>\n","protected":false},"author":2,"featured_media":27415,"comment_status":"open","ping_status":"open","sticky":false,"template":"","format":"standard","meta":{"footnotes":""},"categories":[25,33,2651],"tags":[2682,546,42,1745],"class_list":["post-28255","post","type-post","status-publish","format-standard","has-post-thumbnail","hentry","category-destaques","category-menores","category-noticias","tag-ad-santo-andre-futsal","tag-categoria-menores","tag-fpfs","tag-novas-peneiras"],"_links":{"self":[{"href":"https:\/\/www.federacaopaulistadefutsal.com.br\/novo\/wp-json\/wp\/v2\/posts\/28255","targetHints":{"allow":["GET"]}}],"collection":[{"href":"https:\/\/www.federacaopaulistadefutsal.com.br\/novo\/wp-json\/wp\/v2\/posts"}],"about":[{"href":"https:\/\/www.federacaopaulistadefutsal.com.br\/novo\/wp-json\/wp\/v2\/types\/post"}],"author":[{"embeddable":true,"href":"https:\/\/www.federacaopaulistadefutsal.com.br\/novo\/wp-json\/wp\/v2\/users\/2"}],"replies":[{"embeddable":true,"href":"https:\/\/www.federacaopaulistadefutsal.com.br\/novo\/wp-json\/wp\/v2\/comments?post=28255"}],"version-history":[{"count":1,"href":"https:\/\/www.federacaopaulistadefutsal.com.br\/novo\/wp-json\/wp\/v2\/posts\/28255\/revisions"}],"predecessor-version":[{"id":28256,"href":"https:\/\/www.federacaopaulistadefutsal.com.br\/novo\/wp-json\/wp\/v2\/posts\/28255\/revisions\/28256"}],"wp:featuredmedia":[{"embeddable":true,"href":"https:\/\/www.federacaopaulistadefutsal.com.br\/novo\/wp-json\/wp\/v2\/media\/27415"}],"wp:attachment":[{"href":"https:\/\/www.federacaopaulistadefutsal.com.br\/novo\/wp-json\/wp\/v2\/media?parent=28255"}],"wp:term":[{"taxonomy":"category","embeddable":true,"href":"https:\/\/www.federacaopaulistadefutsal.com.br\/novo\/wp-json\/wp\/v2\/categories?post=28255"},{"taxonomy":"post_tag","embeddable":true,"href":"https:\/\/www.federacaopaulistadefutsal.com.br\/novo\/wp-json\/wp\/v2\/tags?post=28255"}],"curies":[{"name":"wp","href":"https:\/\/api.w.org\/{rel}","templated":true}]}}