{"id":2826,"date":"2014-12-01T22:00:53","date_gmt":"2014-12-01T22:00:53","guid":{"rendered":"http:\/\/www.federacaopaulistadefutsal.com.br\/?p=2826"},"modified":"2014-12-01T22:00:53","modified_gmt":"2014-12-01T22:00:53","slug":"equipe-da-aab-conquista-medalha-de-bronze-nos-jogos-abertos","status":"publish","type":"post","link":"https:\/\/www.federacaopaulistadefutsal.com.br\/novo\/equipe-da-aab-conquista-medalha-de-bronze-nos-jogos-abertos\/","title":{"rendered":"Equipe da AAB conquista medalha de bronze nos Jogos Abertos"},"content":{"rendered":"<p>A equipe da AAB venceu o S\u00e3o Jo\u00e3o da Boa Vista por 7 a 0 e ficou com o terceiro lugar nos Jogos Abertos, realizado em Bauru. Agora, o time foca na decis\u00e3o do Campeonato Metropolitano A2 contra o Franco da Rocha.<br \/>\nA Federa\u00e7\u00e3o ainda n\u00e3o definiu a data dos jogos. O primeiro confronto ser\u00e1 na casa do advers\u00e1rio.<br \/>\nPor Assessoria FPFS<br \/>\nCom informa\u00e7\u00f5es Assessoria AAB<br \/>\n&nbsp;<\/p>\n","protected":false},"excerpt":{"rendered":"<p>A equipe da AAB venceu o S\u00e3o Jo\u00e3o da Boa Vista por 7 a 0 e ficou com o terceiro<\/p>\n","protected":false},"author":1,"featured_media":0,"comment_status":"open","ping_status":"open","sticky":false,"template":"","format":"standard","meta":{"footnotes":""},"categories":[25,32],"tags":[132,1425,1935],"class_list":["post-2826","post","type-post","status-publish","format-standard","hentry","category-destaques","category-maiores","tag-aab","tag-jogos-abertos","tag-prata"],"_links":{"self":[{"href":"https:\/\/www.federacaopaulistadefutsal.com.br\/novo\/wp-json\/wp\/v2\/posts\/2826","targetHints":{"allow":["GET"]}}],"collection":[{"href":"https:\/\/www.federacaopaulistadefutsal.com.br\/novo\/wp-json\/wp\/v2\/posts"}],"about":[{"href":"https:\/\/www.federacaopaulistadefutsal.com.br\/novo\/wp-json\/wp\/v2\/types\/post"}],"author":[{"embeddable":true,"href":"https:\/\/www.federacaopaulistadefutsal.com.br\/novo\/wp-json\/wp\/v2\/users\/1"}],"replies":[{"embeddable":true,"href":"https:\/\/www.federacaopaulistadefutsal.com.br\/novo\/wp-json\/wp\/v2\/comments?post=2826"}],"version-history":[{"count":0,"href":"https:\/\/www.federacaopaulistadefutsal.com.br\/novo\/wp-json\/wp\/v2\/posts\/2826\/revisions"}],"wp:attachment":[{"href":"https:\/\/www.federacaopaulistadefutsal.com.br\/novo\/wp-json\/wp\/v2\/media?parent=2826"}],"wp:term":[{"taxonomy":"category","embeddable":true,"href":"https:\/\/www.federacaopaulistadefutsal.com.br\/novo\/wp-json\/wp\/v2\/categories?post=2826"},{"taxonomy":"post_tag","embeddable":true,"href":"https:\/\/www.federacaopaulistadefutsal.com.br\/novo\/wp-json\/wp\/v2\/tags?post=2826"}],"curies":[{"name":"wp","href":"https:\/\/api.w.org\/{rel}","templated":true}]}}