{"id":28275,"date":"2019-02-27T20:02:39","date_gmt":"2019-02-27T20:02:39","guid":{"rendered":"http:\/\/www.federacaopaulistadefutsal.com.br\/novo\/?p=28275"},"modified":"2019-02-27T20:02:39","modified_gmt":"2019-02-27T20:02:39","slug":"corinthians-empate-em-6-a-6-contra-o-magnus-futsal-pelo-sub-20","status":"publish","type":"post","link":"https:\/\/www.federacaopaulistadefutsal.com.br\/novo\/corinthians-empate-em-6-a-6-contra-o-magnus-futsal-pelo-sub-20\/","title":{"rendered":"Corinthians empate em 6 a 6 contra o Magnus Futsal pelo sub-20"},"content":{"rendered":"<p>Antes das equipes principais de Magnus e Corinthians se enfrentarem na Arena Sorocaba na tarde de ter\u00e7a-feira (26), os garotos dos times sub-20 tamb\u00e9m se enfrentaram em partida amistosa preparat\u00f3ria para as competi\u00e7\u00f5es de 2019.<\/p>\n<p>Com o time sub-20 abrindo a tarde de treinamentos, o placar foi repleto de gols. Do lado dos sorocabanos, quem balan\u00e7ou a rede foi Israel (2x), Alisson (2x), Lucas Gomes e Caio.<\/p>\n<p>A equipe de aspirantes est\u00e1 renovada nesta temporada, que promete ser intensa, com a disputa da Ta\u00e7a Brasil da categoria, al\u00e9m do Metropolitano.<\/p>\n<p>Foto: Guilherme Mansueto<\/p>\n","protected":false},"excerpt":{"rendered":"<p>Antes das equipes principais de Magnus e Corinthians se enfrentarem na Arena Sorocaba na tarde de ter\u00e7a-feira (26), os garotos<\/p>\n","protected":false},"author":2,"featured_media":28276,"comment_status":"open","ping_status":"open","sticky":false,"template":"","format":"standard","meta":{"footnotes":""},"categories":[33,2651],"tags":[479,549,42,1571,2151],"class_list":["post-28275","post","type-post","status-publish","format-standard","has-post-thumbnail","hentry","category-menores","category-noticias","tag-campeonato-metropolitano-a1","tag-categoria-sub-20","tag-fpfs","tag-magnus-futsal","tag-s-c-corinthians"],"_links":{"self":[{"href":"https:\/\/www.federacaopaulistadefutsal.com.br\/novo\/wp-json\/wp\/v2\/posts\/28275","targetHints":{"allow":["GET"]}}],"collection":[{"href":"https:\/\/www.federacaopaulistadefutsal.com.br\/novo\/wp-json\/wp\/v2\/posts"}],"about":[{"href":"https:\/\/www.federacaopaulistadefutsal.com.br\/novo\/wp-json\/wp\/v2\/types\/post"}],"author":[{"embeddable":true,"href":"https:\/\/www.federacaopaulistadefutsal.com.br\/novo\/wp-json\/wp\/v2\/users\/2"}],"replies":[{"embeddable":true,"href":"https:\/\/www.federacaopaulistadefutsal.com.br\/novo\/wp-json\/wp\/v2\/comments?post=28275"}],"version-history":[{"count":1,"href":"https:\/\/www.federacaopaulistadefutsal.com.br\/novo\/wp-json\/wp\/v2\/posts\/28275\/revisions"}],"predecessor-version":[{"id":28277,"href":"https:\/\/www.federacaopaulistadefutsal.com.br\/novo\/wp-json\/wp\/v2\/posts\/28275\/revisions\/28277"}],"wp:featuredmedia":[{"embeddable":true,"href":"https:\/\/www.federacaopaulistadefutsal.com.br\/novo\/wp-json\/wp\/v2\/media\/28276"}],"wp:attachment":[{"href":"https:\/\/www.federacaopaulistadefutsal.com.br\/novo\/wp-json\/wp\/v2\/media?parent=28275"}],"wp:term":[{"taxonomy":"category","embeddable":true,"href":"https:\/\/www.federacaopaulistadefutsal.com.br\/novo\/wp-json\/wp\/v2\/categories?post=28275"},{"taxonomy":"post_tag","embeddable":true,"href":"https:\/\/www.federacaopaulistadefutsal.com.br\/novo\/wp-json\/wp\/v2\/tags?post=28275"}],"curies":[{"name":"wp","href":"https:\/\/api.w.org\/{rel}","templated":true}]}}