{"id":28336,"date":"2019-03-07T12:20:38","date_gmt":"2019-03-07T12:20:38","guid":{"rendered":"http:\/\/www.federacaopaulistadefutsal.com.br\/novo\/?p=28336"},"modified":"2019-03-07T17:30:47","modified_gmt":"2019-03-07T17:30:47","slug":"sao-jose-continua-com-trabalhos-visando-o-campeonato-paulista-principal","status":"publish","type":"post","link":"https:\/\/www.federacaopaulistadefutsal.com.br\/novo\/sao-jose-continua-com-trabalhos-visando-o-campeonato-paulista-principal\/","title":{"rendered":"S\u00e3o Jos\u00e9 continua com trabalhos visando o Campeonato Paulista Principal"},"content":{"rendered":"<p>As pentacampe\u00e3os paulistas seguem com as suas rotinas de treinos sob o comando do treinador Marcos Derrico, na cidade de S\u00e3o Jos\u00e9 dos Campos, interior de S\u00e3o Paulo.<\/p>\n<p>O time de futsal feminino do S\u00e3o Jos\u00e9 se prepara para as competi\u00e7oes ao longo do ano, e espera chegar ao seu sexto t\u00edtulo do Campeonato Paulista Principal.<\/p>\n<p>Os treinos das meninas joseenses tiveram in\u00edcio no dia 18 de fevereiro. &#8220;Elas v\u00e3o adquirnndo entrosamento dentro da quadra, no dia a dia. Alguns dias em dois per\u00edodos. Vamos conseguir entrosa-las&#8221;, ressalta Marcos Derrico, t\u00e9cnico da M\u00e1quina Amarela.<\/p>\n<p>&nbsp;<\/p>\n","protected":false},"excerpt":{"rendered":"<p>As pentacampe\u00e3os paulistas seguem com as suas rotinas de treinos sob o comando do treinador Marcos Derrico, na cidade de<\/p>\n","protected":false},"author":2,"featured_media":28337,"comment_status":"open","ping_status":"open","sticky":false,"template":"","format":"standard","meta":{"footnotes":""},"categories":[2660,26,29,2651],"tags":[648,42,1138,2202],"class_list":["post-28336","post","type-post","status-publish","format-standard","has-post-thumbnail","hentry","category-home-destaque","category-feminino","category-interior","category-noticias","tag-competicao","tag-fpfs","tag-futsal-feminino","tag-sao-jose-futsal-feminino"],"_links":{"self":[{"href":"https:\/\/www.federacaopaulistadefutsal.com.br\/novo\/wp-json\/wp\/v2\/posts\/28336","targetHints":{"allow":["GET"]}}],"collection":[{"href":"https:\/\/www.federacaopaulistadefutsal.com.br\/novo\/wp-json\/wp\/v2\/posts"}],"about":[{"href":"https:\/\/www.federacaopaulistadefutsal.com.br\/novo\/wp-json\/wp\/v2\/types\/post"}],"author":[{"embeddable":true,"href":"https:\/\/www.federacaopaulistadefutsal.com.br\/novo\/wp-json\/wp\/v2\/users\/2"}],"replies":[{"embeddable":true,"href":"https:\/\/www.federacaopaulistadefutsal.com.br\/novo\/wp-json\/wp\/v2\/comments?post=28336"}],"version-history":[{"count":1,"href":"https:\/\/www.federacaopaulistadefutsal.com.br\/novo\/wp-json\/wp\/v2\/posts\/28336\/revisions"}],"predecessor-version":[{"id":28338,"href":"https:\/\/www.federacaopaulistadefutsal.com.br\/novo\/wp-json\/wp\/v2\/posts\/28336\/revisions\/28338"}],"wp:featuredmedia":[{"embeddable":true,"href":"https:\/\/www.federacaopaulistadefutsal.com.br\/novo\/wp-json\/wp\/v2\/media\/28337"}],"wp:attachment":[{"href":"https:\/\/www.federacaopaulistadefutsal.com.br\/novo\/wp-json\/wp\/v2\/media?parent=28336"}],"wp:term":[{"taxonomy":"category","embeddable":true,"href":"https:\/\/www.federacaopaulistadefutsal.com.br\/novo\/wp-json\/wp\/v2\/categories?post=28336"},{"taxonomy":"post_tag","embeddable":true,"href":"https:\/\/www.federacaopaulistadefutsal.com.br\/novo\/wp-json\/wp\/v2\/tags?post=28336"}],"curies":[{"name":"wp","href":"https:\/\/api.w.org\/{rel}","templated":true}]}}