{"id":28351,"date":"2019-03-08T16:40:11","date_gmt":"2019-03-08T16:40:11","guid":{"rendered":"http:\/\/www.federacaopaulistadefutsal.com.br\/novo\/?p=28351"},"modified":"2019-03-08T16:40:11","modified_gmt":"2019-03-08T16:40:11","slug":"liga-leste-abre-seletivas-para-goleiros","status":"publish","type":"post","link":"https:\/\/www.federacaopaulistadefutsal.com.br\/novo\/liga-leste-abre-seletivas-para-goleiros\/","title":{"rendered":"Liga Leste abre seletivas para goleiros"},"content":{"rendered":"<p>Montando o elenco sub-9 (atletas nascido em 2010), a Liga Leste, em parceria com o Batebola Futsal, realizar\u00e1 peneira para a posi\u00e7\u00e3o de goleiro.<\/p>\n<p>Os testes acontecem \u00e0s segundas e quintas-feiras, \u00e0s 20h30, no gin\u00e1sio Top F\u00eanix Brasil.<\/p>\n<p>Endere\u00e7o: Ant\u00f4nio Bardella, 473 &#8211; Cumbica<\/p>\n","protected":false},"excerpt":{"rendered":"<p>Montando o elenco sub-9 (atletas nascido em 2010), a Liga Leste, em parceria com o Batebola Futsal, realizar\u00e1 peneira para<\/p>\n","protected":false},"author":2,"featured_media":27641,"comment_status":"open","ping_status":"open","sticky":false,"template":"","format":"standard","meta":{"footnotes":""},"categories":[33,2651],"tags":[653,42,1521,1858],"class_list":["post-28351","post","type-post","status-publish","format-standard","has-post-thumbnail","hentry","category-menores","category-noticias","tag-competicoes","tag-fpfs","tag-liga-leste","tag-peneira"],"_links":{"self":[{"href":"https:\/\/www.federacaopaulistadefutsal.com.br\/novo\/wp-json\/wp\/v2\/posts\/28351","targetHints":{"allow":["GET"]}}],"collection":[{"href":"https:\/\/www.federacaopaulistadefutsal.com.br\/novo\/wp-json\/wp\/v2\/posts"}],"about":[{"href":"https:\/\/www.federacaopaulistadefutsal.com.br\/novo\/wp-json\/wp\/v2\/types\/post"}],"author":[{"embeddable":true,"href":"https:\/\/www.federacaopaulistadefutsal.com.br\/novo\/wp-json\/wp\/v2\/users\/2"}],"replies":[{"embeddable":true,"href":"https:\/\/www.federacaopaulistadefutsal.com.br\/novo\/wp-json\/wp\/v2\/comments?post=28351"}],"version-history":[{"count":1,"href":"https:\/\/www.federacaopaulistadefutsal.com.br\/novo\/wp-json\/wp\/v2\/posts\/28351\/revisions"}],"predecessor-version":[{"id":28352,"href":"https:\/\/www.federacaopaulistadefutsal.com.br\/novo\/wp-json\/wp\/v2\/posts\/28351\/revisions\/28352"}],"wp:featuredmedia":[{"embeddable":true,"href":"https:\/\/www.federacaopaulistadefutsal.com.br\/novo\/wp-json\/wp\/v2\/media\/27641"}],"wp:attachment":[{"href":"https:\/\/www.federacaopaulistadefutsal.com.br\/novo\/wp-json\/wp\/v2\/media?parent=28351"}],"wp:term":[{"taxonomy":"category","embeddable":true,"href":"https:\/\/www.federacaopaulistadefutsal.com.br\/novo\/wp-json\/wp\/v2\/categories?post=28351"},{"taxonomy":"post_tag","embeddable":true,"href":"https:\/\/www.federacaopaulistadefutsal.com.br\/novo\/wp-json\/wp\/v2\/tags?post=28351"}],"curies":[{"name":"wp","href":"https:\/\/api.w.org\/{rel}","templated":true}]}}