{"id":28390,"date":"2019-03-13T12:15:09","date_gmt":"2019-03-13T12:15:09","guid":{"rendered":"http:\/\/www.federacaopaulistadefutsal.com.br\/novo\/?p=28390"},"modified":"2019-03-13T13:22:37","modified_gmt":"2019-03-13T13:22:37","slug":"sao-jose-conhece-adversarios-da-primeira-fase-do-campeonato-paulistapenalty","status":"publish","type":"post","link":"https:\/\/www.federacaopaulistadefutsal.com.br\/novo\/sao-jose-conhece-adversarios-da-primeira-fase-do-campeonato-paulistapenalty\/","title":{"rendered":"S\u00e3o Jos\u00e9 conhece advers\u00e1rios da primeira fase do Campeonato Paulista\/Penalty"},"content":{"rendered":"<p>O S\u00e3o Jos\u00e9 conheceu no in\u00edcio da semana os seus advers\u00e1rios na primeira fase do Campeonato Paulista\/Penalty. A competi\u00e7\u00e3o ser\u00e1 a primeira disputa de t\u00edtulo para o clube do interior de S\u00e3o Paulo na temporada.<\/p>\n<p>O primeiro advers\u00e1rio ser\u00e1 o Corinthians, no dia 22\/03 (sexta-feira), na capital paulista, \u00e1s 20h15. O segundo confronto ser\u00e1 a estreia do time em seus dom\u00ednios, em S\u00e3o Jos\u00e9 dos Campos, contra a Praia Grande, a partir das 11h no dia 30\/03 (s\u00e1bado). Ser\u00e3o oito jogos disputados ao longo da fase inicial.<\/p>\n<p>Confira todos os jogos:<\/p>\n<p><img fetchpriority=\"high\" decoding=\"async\" class=\"size-full wp-image-28391 aligncenter\" src=\"http:\/\/www.federacaopaulistadefutsal.com.br\/novo\/wp-content\/uploads\/2019\/03\/n-n-n.jpg\" alt=\"\" width=\"532\" height=\"410\" srcset=\"https:\/\/www.federacaopaulistadefutsal.com.br\/novo\/wp-content\/uploads\/2019\/03\/n-n-n.jpg 532w, https:\/\/www.federacaopaulistadefutsal.com.br\/novo\/wp-content\/uploads\/2019\/03\/n-n-n-300x231.jpg 300w\" sizes=\"(max-width: 532px) 100vw, 532px\" \/><\/p>\n<p>Foto: Breno Domingues<\/p>\n","protected":false},"excerpt":{"rendered":"<p>O S\u00e3o Jos\u00e9 conheceu no in\u00edcio da semana os seus advers\u00e1rios na primeira fase do Campeonato Paulista\/Penalty. A competi\u00e7\u00e3o ser\u00e1<\/p>\n","protected":false},"author":2,"featured_media":28392,"comment_status":"open","ping_status":"open","sticky":false,"template":"","format":"standard","meta":{"footnotes":""},"categories":[2660,29,2651],"tags":[487,653,42,2201],"class_list":["post-28390","post","type-post","status-publish","format-standard","has-post-thumbnail","hentry","category-home-destaque","category-interior","category-noticias","tag-campeonato-paulista","tag-competicoes","tag-fpfs","tag-sao-jose-futsal"],"_links":{"self":[{"href":"https:\/\/www.federacaopaulistadefutsal.com.br\/novo\/wp-json\/wp\/v2\/posts\/28390","targetHints":{"allow":["GET"]}}],"collection":[{"href":"https:\/\/www.federacaopaulistadefutsal.com.br\/novo\/wp-json\/wp\/v2\/posts"}],"about":[{"href":"https:\/\/www.federacaopaulistadefutsal.com.br\/novo\/wp-json\/wp\/v2\/types\/post"}],"author":[{"embeddable":true,"href":"https:\/\/www.federacaopaulistadefutsal.com.br\/novo\/wp-json\/wp\/v2\/users\/2"}],"replies":[{"embeddable":true,"href":"https:\/\/www.federacaopaulistadefutsal.com.br\/novo\/wp-json\/wp\/v2\/comments?post=28390"}],"version-history":[{"count":1,"href":"https:\/\/www.federacaopaulistadefutsal.com.br\/novo\/wp-json\/wp\/v2\/posts\/28390\/revisions"}],"predecessor-version":[{"id":28393,"href":"https:\/\/www.federacaopaulistadefutsal.com.br\/novo\/wp-json\/wp\/v2\/posts\/28390\/revisions\/28393"}],"wp:featuredmedia":[{"embeddable":true,"href":"https:\/\/www.federacaopaulistadefutsal.com.br\/novo\/wp-json\/wp\/v2\/media\/28392"}],"wp:attachment":[{"href":"https:\/\/www.federacaopaulistadefutsal.com.br\/novo\/wp-json\/wp\/v2\/media?parent=28390"}],"wp:term":[{"taxonomy":"category","embeddable":true,"href":"https:\/\/www.federacaopaulistadefutsal.com.br\/novo\/wp-json\/wp\/v2\/categories?post=28390"},{"taxonomy":"post_tag","embeddable":true,"href":"https:\/\/www.federacaopaulistadefutsal.com.br\/novo\/wp-json\/wp\/v2\/tags?post=28390"}],"curies":[{"name":"wp","href":"https:\/\/api.w.org\/{rel}","templated":true}]}}