{"id":28504,"date":"2019-03-20T22:29:12","date_gmt":"2019-03-20T22:29:12","guid":{"rendered":"http:\/\/www.federacaopaulistadefutsal.com.br\/novo\/?p=28504"},"modified":"2019-03-20T22:29:12","modified_gmt":"2019-03-20T22:29:12","slug":"magnus-conhece-adversarios-da-primeira-fase-da-lnf","status":"publish","type":"post","link":"https:\/\/www.federacaopaulistadefutsal.com.br\/novo\/magnus-conhece-adversarios-da-primeira-fase-da-lnf\/","title":{"rendered":"Magnus conhece advers\u00e1rios da primeira fase da LNF"},"content":{"rendered":"<div class=\"texto-noticias\">\n<p>A Liga Nacional divulgou de forma oficial a tabela da competi\u00e7\u00e3o para a temporada 2019. O Magnus Futsal faz a estreia em busca do segundo t\u00edtulo brasileiro contra o Foz Cataratas, no dia 5 de abril, \u00e0s 20h15, na Arena Sorocaba.<\/p>\n<p>Ao todo ser\u00e3o dezoito rodadas e, diferente dos outros anos, as equipes foram realinhadas e os confrontos tiveram a ordem modificada.<\/p>\n<p>Vencedor da edi\u00e7\u00e3o 2014 do torneio considerado um dos mais disputados do mundo, o time sorocabano j\u00e1 alcan\u00e7ou em sua hist\u00f3ria duas finais (2014 e 2016), duas semifinais (2015 e 2018) e uma vez a fase de quartas de final (2017).<\/p>\n<p>Esta temporada ser\u00e1 a primeira sem a presen\u00e7a do craque Falc\u00e3o em quadra. O camisa 12, que se aposentou no fim do ano passado, atuou nas 23 edi\u00e7\u00f5es da Liga Nacional, conquistando nove t\u00edtulos.<\/p>\n<p><strong>Tabela Magnus Futsal \u2013 LNF 2019<\/strong><br \/>\n05\/04 \u2013 20h15 \u2013 Magnus Futsal x Foz Cataratas \u2013 Arena Sorocaba<br \/>\n22\/04 \u2013 20h15 \u2013 Minas TC x Magnus Futsal \u2013 Arena Minas<br \/>\n01\/05 \u2013 20h15 \u2013 Magnus Futsal x Joinville \u2013 Arena Sorocaba<br \/>\n05\/05 \u2013 11h00 \u2013 Campo Mour\u00e3o x Magnus Futsal \u2013 Gin\u00e1sio Belin Carolo<br \/>\n17\/05 \u2013 20h15 \u2013 Magnus Futsal x ADC Intelli\/S\u00e3o Carlos \u2013 Arena Sorocaba<br \/>\n24\/05 \u2013 20h15 \u2013 S\u00e3o Jos\u00e9 Futsal x Magnus Futsal \u2013 T\u00eanis Clube<br \/>\n31\/05 \u2013 20h15 \u2013 Magnus Futsal x Cascavel \u2013 Arena Sorocaba<br \/>\n07\/06 \u2013 20h15 \u2013 Tubar\u00e3o x Magnus Futsal \u2013 Arena Estener Soratto<br \/>\n14\/06 \u2013 20h15 \u2013 Magnus Futsal x Assoeva \u2013 Arena Sorocaba<br \/>\n24\/06 \u2013 20h15 \u2013 Marreco x Magnus Futsal \u2013 Arrud\u00e3o<br \/>\n28\/06 \u2013 20h15 \u2013 Carlos Barbosa x Magnus Futsal \u2013 Centro de Eventos<br \/>\n08\/07 \u2013 20h15 \u2013 Magnus Futsal x Atl\u00e2ntico Erechim \u2013 Arena Sorocaba<br \/>\n13\/07 \u2013 20h15 \u2013 Pato Futsal x Magnus Futsal \u2013 Dolivar Lavarda<br \/>\n19\/07 \u2013 20h15 \u2013 Magnus Futsal x Corinthians \u2013 Arena Sorocaba<br \/>\n26\/07 \u2013 20h15 \u2013 Magnus Futsal x Jaragu\u00e1 \u2013 Arena Sorocaba<br \/>\n07\/08 \u2013 20h15 \u2013 Magnus Futsal x Copagril \u2013 Arena Sorocaba<br \/>\n11\/08 \u2013 19h00 \u2013 Joa\u00e7aba x Magnus Futsal \u2013 Unoesc<br \/>\n06\/09 \u2013 20h15 \u2013 Blumenau x Magnus Futsal &#8211; Sesi<\/p>\n<p>*as datas podem sofrer altera\u00e7\u00f5es ao longo da temporada<\/p>\n<p>Informa\u00e7\u00f5es: assessoria de imprensa Magnus Futsal<br \/>\nFoto: Guilherme Mansueto<\/p>\n<\/div>\n","protected":false},"excerpt":{"rendered":"<p>A Liga Nacional divulgou de forma oficial a tabela da competi\u00e7\u00e3o para a temporada 2019. O Magnus Futsal faz a<\/p>\n","protected":false},"author":2,"featured_media":25161,"comment_status":"open","ping_status":"open","sticky":false,"template":"","format":"standard","meta":{"footnotes":""},"categories":[25,30,2651],"tags":[653,42,1546,1571],"class_list":["post-28504","post","type-post","status-publish","format-standard","has-post-thumbnail","hentry","category-destaques","category-liga-nacional-de-futsal","category-noticias","tag-competicoes","tag-fpfs","tag-lnf","tag-magnus-futsal"],"_links":{"self":[{"href":"https:\/\/www.federacaopaulistadefutsal.com.br\/novo\/wp-json\/wp\/v2\/posts\/28504","targetHints":{"allow":["GET"]}}],"collection":[{"href":"https:\/\/www.federacaopaulistadefutsal.com.br\/novo\/wp-json\/wp\/v2\/posts"}],"about":[{"href":"https:\/\/www.federacaopaulistadefutsal.com.br\/novo\/wp-json\/wp\/v2\/types\/post"}],"author":[{"embeddable":true,"href":"https:\/\/www.federacaopaulistadefutsal.com.br\/novo\/wp-json\/wp\/v2\/users\/2"}],"replies":[{"embeddable":true,"href":"https:\/\/www.federacaopaulistadefutsal.com.br\/novo\/wp-json\/wp\/v2\/comments?post=28504"}],"version-history":[{"count":1,"href":"https:\/\/www.federacaopaulistadefutsal.com.br\/novo\/wp-json\/wp\/v2\/posts\/28504\/revisions"}],"predecessor-version":[{"id":28505,"href":"https:\/\/www.federacaopaulistadefutsal.com.br\/novo\/wp-json\/wp\/v2\/posts\/28504\/revisions\/28505"}],"wp:featuredmedia":[{"embeddable":true,"href":"https:\/\/www.federacaopaulistadefutsal.com.br\/novo\/wp-json\/wp\/v2\/media\/25161"}],"wp:attachment":[{"href":"https:\/\/www.federacaopaulistadefutsal.com.br\/novo\/wp-json\/wp\/v2\/media?parent=28504"}],"wp:term":[{"taxonomy":"category","embeddable":true,"href":"https:\/\/www.federacaopaulistadefutsal.com.br\/novo\/wp-json\/wp\/v2\/categories?post=28504"},{"taxonomy":"post_tag","embeddable":true,"href":"https:\/\/www.federacaopaulistadefutsal.com.br\/novo\/wp-json\/wp\/v2\/tags?post=28504"}],"curies":[{"name":"wp","href":"https:\/\/api.w.org\/{rel}","templated":true}]}}