{"id":28512,"date":"2019-03-21T12:23:38","date_gmt":"2019-03-21T12:23:38","guid":{"rendered":"http:\/\/www.federacaopaulistadefutsal.com.br\/novo\/?p=28512"},"modified":"2019-03-21T12:23:38","modified_gmt":"2019-03-21T12:23:38","slug":"sao-jose-empata-com-o-minas-em-ultimo-amistoso-antes-da-estreia-no-paulistapenalty","status":"publish","type":"post","link":"https:\/\/www.federacaopaulistadefutsal.com.br\/novo\/sao-jose-empata-com-o-minas-em-ultimo-amistoso-antes-da-estreia-no-paulistapenalty\/","title":{"rendered":"S\u00e3o Jos\u00e9 empata com o Minas em \u00faltimo amistoso antes da estreia no Paulista\/Penalty"},"content":{"rendered":"<p>O S\u00e3o Jos\u00e9 Futsal fez seu segundo e \u00faltimo amistoso antes de sua estreia pelos campeonatos oficiais no ano, recebendo o Minas no gin\u00e1sio do T\u00eanis Clube e empatando por 2 x 2. A partida serviu para o t\u00e9cnico Flavinho Cavalcante acertar os detalhes finais de sua equipe antes do jogo contra o Corinthians, na pr\u00f3xima sexta-feira (22), fora de casa, pela primeira rodada do campeonato Paulista\/Penalty.<\/p>\n<p>O Jogo<\/p>\n<p>A partida entre duas equipes de Liga Nacional contou com um confronto disputado do come\u00e7o ao fim, com equipes procurando o gol a todo momento da partida. Apesar disso, as defesas levavam a melhor ao longo de quase todo o primeiro momento. Foi somente a cinco minutos do fim que Migulha levou para a ala e chutou na sa\u00edda do goleiro para marcar o primeiro. O empate veio dois minutos depois.<\/p>\n<p>O segundo tempo repetiu o primeiro, com os dois times brigando a todo tempo pela posse de bola e subindo para a ofensiva. Por\u00e9m, assim como no primeiro tempo, os gols s\u00f3 sa\u00edram a cinco minutos do fim. O Minas virou o jogo e Marcelo, quase dois minutos depois, marcou de calcanhar para deixar a partida empatada. Os visitantes entraram com goleiro linha no tempo que restava, por\u00e9m o placar se manteve como estava.<\/p>\n<p>Informa\u00e7\u00f5es: assessoria de imprensa S\u00e3o Jos\u00e9<br \/>\nFoto: Brenno Domingues<\/p>\n","protected":false},"excerpt":{"rendered":"<p>O S\u00e3o Jos\u00e9 Futsal fez seu segundo e \u00faltimo amistoso antes de sua estreia pelos campeonatos oficiais no ano, recebendo<\/p>\n","protected":false},"author":2,"featured_media":28513,"comment_status":"open","ping_status":"open","sticky":false,"template":"","format":"standard","meta":{"footnotes":""},"categories":[29,2651],"tags":[2699,653,42,2201],"class_list":["post-28512","post","type-post","status-publish","format-standard","has-post-thumbnail","hentry","category-interior","category-noticias","tag-campeonato-paulista-de-futsalpenalty","tag-competicoes","tag-fpfs","tag-sao-jose-futsal"],"_links":{"self":[{"href":"https:\/\/www.federacaopaulistadefutsal.com.br\/novo\/wp-json\/wp\/v2\/posts\/28512","targetHints":{"allow":["GET"]}}],"collection":[{"href":"https:\/\/www.federacaopaulistadefutsal.com.br\/novo\/wp-json\/wp\/v2\/posts"}],"about":[{"href":"https:\/\/www.federacaopaulistadefutsal.com.br\/novo\/wp-json\/wp\/v2\/types\/post"}],"author":[{"embeddable":true,"href":"https:\/\/www.federacaopaulistadefutsal.com.br\/novo\/wp-json\/wp\/v2\/users\/2"}],"replies":[{"embeddable":true,"href":"https:\/\/www.federacaopaulistadefutsal.com.br\/novo\/wp-json\/wp\/v2\/comments?post=28512"}],"version-history":[{"count":1,"href":"https:\/\/www.federacaopaulistadefutsal.com.br\/novo\/wp-json\/wp\/v2\/posts\/28512\/revisions"}],"predecessor-version":[{"id":28514,"href":"https:\/\/www.federacaopaulistadefutsal.com.br\/novo\/wp-json\/wp\/v2\/posts\/28512\/revisions\/28514"}],"wp:featuredmedia":[{"embeddable":true,"href":"https:\/\/www.federacaopaulistadefutsal.com.br\/novo\/wp-json\/wp\/v2\/media\/28513"}],"wp:attachment":[{"href":"https:\/\/www.federacaopaulistadefutsal.com.br\/novo\/wp-json\/wp\/v2\/media?parent=28512"}],"wp:term":[{"taxonomy":"category","embeddable":true,"href":"https:\/\/www.federacaopaulistadefutsal.com.br\/novo\/wp-json\/wp\/v2\/categories?post=28512"},{"taxonomy":"post_tag","embeddable":true,"href":"https:\/\/www.federacaopaulistadefutsal.com.br\/novo\/wp-json\/wp\/v2\/tags?post=28512"}],"curies":[{"name":"wp","href":"https:\/\/api.w.org\/{rel}","templated":true}]}}