{"id":28521,"date":"2019-03-21T19:53:26","date_gmt":"2019-03-21T19:53:26","guid":{"rendered":"http:\/\/www.federacaopaulistadefutsal.com.br\/novo\/?p=28521"},"modified":"2019-03-21T19:53:26","modified_gmt":"2019-03-21T19:53:26","slug":"sabespsao-bernardo-apresenta-elenco-principal-e-uniforme-para-a-temporada-2019","status":"publish","type":"post","link":"https:\/\/www.federacaopaulistadefutsal.com.br\/novo\/sabespsao-bernardo-apresenta-elenco-principal-e-uniforme-para-a-temporada-2019\/","title":{"rendered":"Sabesp\/S\u00e3o Bernardo apresenta elenco principal e uniforme para a temporada 2019"},"content":{"rendered":"<p>Na tarde de quarta-feira (20\/03), foram apresentadas as jogadoras que far\u00e3o parte do plantel do Sabesp\/S\u00e3o Bernardo, visando as competi\u00e7\u00f5es que o clube disputar\u00e1 ao longo da temporada.<\/p>\n<p>Al\u00e9m do elenco, foi apresentado tamb\u00e9m um dos uniformes que as atletas usar\u00e3o nos jogos.<\/p>\n<p>As atletas que fazem parte do elenco principal s\u00e3o: Rafa; Bruna Valeska; Marisa; Giovanna; Robinha; Rafinha; Marcelinha; Cleide; Jussara; J\u00e9ssica; Larissa; Duda; e Cibele.<\/p>\n","protected":false},"excerpt":{"rendered":"<p>Na tarde de quarta-feira (20\/03), foram apresentadas as jogadoras que far\u00e3o parte do plantel do Sabesp\/S\u00e3o Bernardo, visando as competi\u00e7\u00f5es<\/p>\n","protected":false},"author":2,"featured_media":28522,"comment_status":"open","ping_status":"open","sticky":false,"template":"","format":"standard","meta":{"footnotes":""},"categories":[26,32,2651],"tags":[42,1138,2187],"class_list":["post-28521","post","type-post","status-publish","format-standard","has-post-thumbnail","hentry","category-feminino","category-maiores","category-noticias","tag-fpfs","tag-futsal-feminino","tag-sao-bernardo"],"_links":{"self":[{"href":"https:\/\/www.federacaopaulistadefutsal.com.br\/novo\/wp-json\/wp\/v2\/posts\/28521","targetHints":{"allow":["GET"]}}],"collection":[{"href":"https:\/\/www.federacaopaulistadefutsal.com.br\/novo\/wp-json\/wp\/v2\/posts"}],"about":[{"href":"https:\/\/www.federacaopaulistadefutsal.com.br\/novo\/wp-json\/wp\/v2\/types\/post"}],"author":[{"embeddable":true,"href":"https:\/\/www.federacaopaulistadefutsal.com.br\/novo\/wp-json\/wp\/v2\/users\/2"}],"replies":[{"embeddable":true,"href":"https:\/\/www.federacaopaulistadefutsal.com.br\/novo\/wp-json\/wp\/v2\/comments?post=28521"}],"version-history":[{"count":1,"href":"https:\/\/www.federacaopaulistadefutsal.com.br\/novo\/wp-json\/wp\/v2\/posts\/28521\/revisions"}],"predecessor-version":[{"id":28523,"href":"https:\/\/www.federacaopaulistadefutsal.com.br\/novo\/wp-json\/wp\/v2\/posts\/28521\/revisions\/28523"}],"wp:featuredmedia":[{"embeddable":true,"href":"https:\/\/www.federacaopaulistadefutsal.com.br\/novo\/wp-json\/wp\/v2\/media\/28522"}],"wp:attachment":[{"href":"https:\/\/www.federacaopaulistadefutsal.com.br\/novo\/wp-json\/wp\/v2\/media?parent=28521"}],"wp:term":[{"taxonomy":"category","embeddable":true,"href":"https:\/\/www.federacaopaulistadefutsal.com.br\/novo\/wp-json\/wp\/v2\/categories?post=28521"},{"taxonomy":"post_tag","embeddable":true,"href":"https:\/\/www.federacaopaulistadefutsal.com.br\/novo\/wp-json\/wp\/v2\/tags?post=28521"}],"curies":[{"name":"wp","href":"https:\/\/api.w.org\/{rel}","templated":true}]}}