{"id":28560,"date":"2019-03-25T12:14:37","date_gmt":"2019-03-25T12:14:37","guid":{"rendered":"http:\/\/www.federacaopaulistadefutsal.com.br\/novo\/?p=28560"},"modified":"2019-03-25T12:14:37","modified_gmt":"2019-03-25T12:14:37","slug":"ginasio-presidente-ciro-ii-e-reinaugurado-com-partidas-festivas","status":"publish","type":"post","link":"https:\/\/www.federacaopaulistadefutsal.com.br\/novo\/ginasio-presidente-ciro-ii-e-reinaugurado-com-partidas-festivas\/","title":{"rendered":"Gin\u00e1sio Presidente Ciro II \u00e9 reinaugurado com partidas festivas"},"content":{"rendered":"<p>Ao longo do \u00faltimo s\u00e1bado (23\/3), o gin\u00e1sio Presidente Ciro II contou com uma progama\u00e7\u00e3o especial para quem compareceu ao local.<\/p>\n<p>Ap\u00f3s passar por melhorias, o gin\u00e1sio foi reinaugurado e, para registrar o momento, a FPFS organizou partidas festivas durante todo o dia com categorias de base (sub-10) de clubes filiados \u00e0 entidade.<\/p>\n<p>Como foram jogos festivos, ficou estabelido que os quatro per\u00edodos disputados teriam cinco minutos corridos.<\/p>\n<p>O presidente da FPFS, Ramon, deu o ponta-p\u00e9 inicial quando o primeiro jogo estava para come\u00e7ar. O vereador Toninho Paiva prestigiou o evento e foi homenageado no intervalo de um dos jogos.<\/p>\n<p><img fetchpriority=\"high\" decoding=\"async\" class=\"wp-image-28561 aligncenter\" src=\"http:\/\/www.federacaopaulistadefutsal.com.br\/novo\/wp-content\/uploads\/2019\/03\/54798744_2143553872396077_3679316547668541440_n-1024x682.jpg\" alt=\"\" width=\"426\" height=\"284\" srcset=\"https:\/\/www.federacaopaulistadefutsal.com.br\/novo\/wp-content\/uploads\/2019\/03\/54798744_2143553872396077_3679316547668541440_n-1024x682.jpg 1024w, https:\/\/www.federacaopaulistadefutsal.com.br\/novo\/wp-content\/uploads\/2019\/03\/54798744_2143553872396077_3679316547668541440_n-300x200.jpg 300w, https:\/\/www.federacaopaulistadefutsal.com.br\/novo\/wp-content\/uploads\/2019\/03\/54798744_2143553872396077_3679316547668541440_n-768x512.jpg 768w, https:\/\/www.federacaopaulistadefutsal.com.br\/novo\/wp-content\/uploads\/2019\/03\/54798744_2143553872396077_3679316547668541440_n.jpg 1280w\" sizes=\"(max-width: 426px) 100vw, 426px\" \/><\/p>\n<p>Confira os resultados dos jogos que foram disputados:<\/p>\n<p>C.A. Guarulhense 1 x 1 Liga Sancatanense<br \/>\nS.E. Palmeiras 1 x 2 S.C. Corinthians<br \/>\nC.A. Juventus 5 x 0 S.E. Elite Itaquerense<br \/>\nRibeir\u00e3o Pires F.C. 1 x 2 A.D. Santo Andr\u00e9 Futsal<br \/>\nA. Uni\u00e3o Mau\u00e1 4 x 4 A.A. Praia Grande\/Ocean<br \/>\nSuzano F.C. 3 x 1 Sindicato Metal\u00fargicos<br \/>\nA.A. Camil\u00f3polis 1 x 1 ACAP<br \/>\nC.T.C Vila Ema 3 x 0 E.C. Hortol\u00e2ndia Futsal<br \/>\nS\u00e3o Paulo F.C. 1 x 2 A. Portuguesa de Desportos<br \/>\nLausane Paulista F.C. 3 x 1 C.A. Tabuca Juniors<br \/>\nA. Sorocabana Futsal 1 x 1 FAE\/Osasco\/Audax<br \/>\nA.E.C. Incr\u00edveis 1 x 0 A.D.C. Inter Mogi<br \/>\nS\u00e3o Caetano F.C. 8 x 1 Sele\u00e7\u00e3o Itapeviense<\/p>\n<p>&nbsp;<\/p>\n","protected":false},"excerpt":{"rendered":"<p>Ao longo do \u00faltimo s\u00e1bado (23\/3), o gin\u00e1sio Presidente Ciro II contou com uma progama\u00e7\u00e3o especial para quem compareceu ao<\/p>\n","protected":false},"author":2,"featured_media":28562,"comment_status":"open","ping_status":"open","sticky":false,"template":"","format":"standard","meta":{"footnotes":""},"categories":[33,2651],"tags":[42,1150,1424],"class_list":["post-28560","post","type-post","status-publish","format-standard","has-post-thumbnail","hentry","category-menores","category-noticias","tag-fpfs","tag-futsal-menores","tag-jogos"],"_links":{"self":[{"href":"https:\/\/www.federacaopaulistadefutsal.com.br\/novo\/wp-json\/wp\/v2\/posts\/28560","targetHints":{"allow":["GET"]}}],"collection":[{"href":"https:\/\/www.federacaopaulistadefutsal.com.br\/novo\/wp-json\/wp\/v2\/posts"}],"about":[{"href":"https:\/\/www.federacaopaulistadefutsal.com.br\/novo\/wp-json\/wp\/v2\/types\/post"}],"author":[{"embeddable":true,"href":"https:\/\/www.federacaopaulistadefutsal.com.br\/novo\/wp-json\/wp\/v2\/users\/2"}],"replies":[{"embeddable":true,"href":"https:\/\/www.federacaopaulistadefutsal.com.br\/novo\/wp-json\/wp\/v2\/comments?post=28560"}],"version-history":[{"count":1,"href":"https:\/\/www.federacaopaulistadefutsal.com.br\/novo\/wp-json\/wp\/v2\/posts\/28560\/revisions"}],"predecessor-version":[{"id":28563,"href":"https:\/\/www.federacaopaulistadefutsal.com.br\/novo\/wp-json\/wp\/v2\/posts\/28560\/revisions\/28563"}],"wp:featuredmedia":[{"embeddable":true,"href":"https:\/\/www.federacaopaulistadefutsal.com.br\/novo\/wp-json\/wp\/v2\/media\/28562"}],"wp:attachment":[{"href":"https:\/\/www.federacaopaulistadefutsal.com.br\/novo\/wp-json\/wp\/v2\/media?parent=28560"}],"wp:term":[{"taxonomy":"category","embeddable":true,"href":"https:\/\/www.federacaopaulistadefutsal.com.br\/novo\/wp-json\/wp\/v2\/categories?post=28560"},{"taxonomy":"post_tag","embeddable":true,"href":"https:\/\/www.federacaopaulistadefutsal.com.br\/novo\/wp-json\/wp\/v2\/tags?post=28560"}],"curies":[{"name":"wp","href":"https:\/\/api.w.org\/{rel}","templated":true}]}}