{"id":28608,"date":"2019-03-28T18:00:10","date_gmt":"2019-03-28T18:00:10","guid":{"rendered":"http:\/\/www.federacaopaulistadefutsal.com.br\/novo\/?p=28608"},"modified":"2019-03-28T18:13:02","modified_gmt":"2019-03-28T18:13:02","slug":"sub-20-de-corinthians-e-aabb-se-enfrentam-pela-taca-sao-paulo","status":"publish","type":"post","link":"https:\/\/www.federacaopaulistadefutsal.com.br\/novo\/sub-20-de-corinthians-e-aabb-se-enfrentam-pela-taca-sao-paulo\/","title":{"rendered":"Sub-20 de Corinthians e AABB se enfrentam pela Ta\u00e7a S\u00e3o Paulo"},"content":{"rendered":"<div>Nesta quinta-feira (28), \u00e0s 19h15, as equipes sub-20 de futsal de Corinthians e AABB se enfrentam no Gin\u00e1sio Wlamir Marques, com entrada franca, pela segunda rodada da Ta\u00e7a S\u00e3o Paulo.<\/div>\n<div><\/div>\n<div>Para a partida, o treinador Gustavo Passos tem \u00e0 disposi\u00e7\u00e3o os seguintes jogadores corinthianos: Micaio, Rapha, Vanderson e Dasaev (goleiros); Bruno, Neguinho, Vin\u00edcius e Yuri (fixos); Daniel, Tabuca, Billy, Gui Marques, Jo\u00e3o, Marcelo, Nairton, Bol\u00edvar e Malcom (alas); Gabrielz\u00e3o, Guilherm\u00e3o e Kau\u00ea (piv\u00f4s).<\/div>\n<div><\/div>\n<div>\u00c9 a \u00faltima partida pela fase de grupos, caso o Corinthians se classifique, a semifinal ser\u00e1 na quarta-feira (04\/04).<\/div>\n<div><\/div>\n<div>Foto: ag\u00eancia Corinthians<\/div>\n<div><\/div>\n<div><\/div>\n","protected":false},"excerpt":{"rendered":"<p>Nesta quinta-feira (28), \u00e0s 19h15, as equipes sub-20 de futsal de Corinthians e AABB se enfrentam no Gin\u00e1sio Wlamir Marques,<\/p>\n","protected":false},"author":2,"featured_media":28609,"comment_status":"open","ping_status":"open","sticky":false,"template":"","format":"standard","meta":{"footnotes":""},"categories":[2660,32,2651,39],"tags":[134,549,653,42,2151,2399],"class_list":["post-28608","post","type-post","status-publish","format-standard","has-post-thumbnail","hentry","category-home-destaque","category-maiores","category-noticias","category-taca-sao-paulo-de-futsal","tag-aabb","tag-categoria-sub-20","tag-competicoes","tag-fpfs","tag-s-c-corinthians","tag-taca-sao-paulo-de-futsal"],"_links":{"self":[{"href":"https:\/\/www.federacaopaulistadefutsal.com.br\/novo\/wp-json\/wp\/v2\/posts\/28608","targetHints":{"allow":["GET"]}}],"collection":[{"href":"https:\/\/www.federacaopaulistadefutsal.com.br\/novo\/wp-json\/wp\/v2\/posts"}],"about":[{"href":"https:\/\/www.federacaopaulistadefutsal.com.br\/novo\/wp-json\/wp\/v2\/types\/post"}],"author":[{"embeddable":true,"href":"https:\/\/www.federacaopaulistadefutsal.com.br\/novo\/wp-json\/wp\/v2\/users\/2"}],"replies":[{"embeddable":true,"href":"https:\/\/www.federacaopaulistadefutsal.com.br\/novo\/wp-json\/wp\/v2\/comments?post=28608"}],"version-history":[{"count":1,"href":"https:\/\/www.federacaopaulistadefutsal.com.br\/novo\/wp-json\/wp\/v2\/posts\/28608\/revisions"}],"predecessor-version":[{"id":28610,"href":"https:\/\/www.federacaopaulistadefutsal.com.br\/novo\/wp-json\/wp\/v2\/posts\/28608\/revisions\/28610"}],"wp:featuredmedia":[{"embeddable":true,"href":"https:\/\/www.federacaopaulistadefutsal.com.br\/novo\/wp-json\/wp\/v2\/media\/28609"}],"wp:attachment":[{"href":"https:\/\/www.federacaopaulistadefutsal.com.br\/novo\/wp-json\/wp\/v2\/media?parent=28608"}],"wp:term":[{"taxonomy":"category","embeddable":true,"href":"https:\/\/www.federacaopaulistadefutsal.com.br\/novo\/wp-json\/wp\/v2\/categories?post=28608"},{"taxonomy":"post_tag","embeddable":true,"href":"https:\/\/www.federacaopaulistadefutsal.com.br\/novo\/wp-json\/wp\/v2\/tags?post=28608"}],"curies":[{"name":"wp","href":"https:\/\/api.w.org\/{rel}","templated":true}]}}