{"id":28672,"date":"2019-03-30T15:43:06","date_gmt":"2019-03-30T15:43:06","guid":{"rendered":"http:\/\/www.federacaopaulistadefutsal.com.br\/novo\/?p=28672"},"modified":"2019-03-30T16:51:57","modified_gmt":"2019-03-30T16:51:57","slug":"onde-tudo-comecou-o-primeiro-brasileiro-em-solo-catalao","status":"publish","type":"post","link":"https:\/\/www.federacaopaulistadefutsal.com.br\/novo\/onde-tudo-comecou-o-primeiro-brasileiro-em-solo-catalao\/","title":{"rendered":"&#8220;Onde tudo come\u00e7ou&#8221;: o primeiro brasileiro em solo catal\u00e3o"},"content":{"rendered":"<p style=\"text-align: left;\">Em uma \u00e9poca onde o mercado internacional do futebol de sal\u00e3o n\u00e3o era muito comum \u00e0 atletas brasileiros como \u00e9 atualmente, teve um jogador paulistano que ultrapassou a barreira que existia na \u00e9poca, e se tornou o primeiro\u00a0 brasileiro a defender as cores do Barcelona. Hoje, na s\u00e9rie &#8220;Onde tudo come\u00e7ou&#8221; ser\u00e1 contada com mais detalhes a hist\u00f3ria do ex-piv\u00f4 Ruy.<\/p>\n<p>O ex-salonista teve grandes passagens por grandes clubes que marcaram \u00e9poca nos anos 80. Defendeu a S.E.Palmeiras: de 1972 \u00e0 1974; C.A.Ypiranga: de 1975 \u00e0 1977; S.E.Palmeiras: de 1978 \u00e0 1983; G.R. Rossi: 1984; E.C.Banespa: 1985; e, o seu grande salto na carreira foi quando atuou pelo famoso time da Catalunha: F.C. Barcelona, de 1986 \u00e0 1987. Ruy foi o primeiro brasileiro a jogar no Barcelona e o primeiro paulistano a migrar para a modalidade na Espanha.<\/p>\n<figure id=\"attachment_28675\" aria-describedby=\"caption-attachment-28675\" style=\"width: 484px\" class=\"wp-caption aligncenter\"><img fetchpriority=\"high\" decoding=\"async\" class=\"wp-image-28675\" src=\"http:\/\/www.federacaopaulistadefutsal.com.br\/novo\/wp-content\/uploads\/2019\/03\/nbnb-1024x768.jpg\" alt=\"\" width=\"484\" height=\"363\" srcset=\"https:\/\/www.federacaopaulistadefutsal.com.br\/novo\/wp-content\/uploads\/2019\/03\/nbnb-1024x768.jpg 1024w, https:\/\/www.federacaopaulistadefutsal.com.br\/novo\/wp-content\/uploads\/2019\/03\/nbnb-300x225.jpg 300w, https:\/\/www.federacaopaulistadefutsal.com.br\/novo\/wp-content\/uploads\/2019\/03\/nbnb-768x576.jpg 768w, https:\/\/www.federacaopaulistadefutsal.com.br\/novo\/wp-content\/uploads\/2019\/03\/nbnb.jpg 1280w\" sizes=\"(max-width: 484px) 100vw, 484px\" \/><figcaption id=\"caption-attachment-28675\" class=\"wp-caption-text\">Ruy em seus tempos de Palmeiras, sendo o segundo agachado da direita para \u00e0 esquerda. (Foto: arquivo pessoal).<\/figcaption><\/figure>\n<p>Entretando, Ruy quase n\u00e3o teve a opotunidade de conhecer outra cultura e outra t\u00e1ticas em um pa\u00eds que n\u00e3o fosse o Brasil. &#8220;Fui jogador de campo e sal\u00e3o simultaneamente, mas tive que optar quando nosso grande vice-presidente do Palmeiras na \u00e9poca, Sr. Janu\u00e1rio D&#8217;Al\u00e9ssio Neto, presidente da Fifusa, pediu-me para parar de jogar sal\u00e3o para dar continuidade no campo. Como eu amava jogar sal\u00e3o optei por continuar, por\u00e9m tive que sair do campo do Palmeiras e me transferi para a Portuguesa aonde joguei por mais um ano no campo e, simultaneamente no sal\u00e3o do Palmeiras onde dei continuidade&#8221;, afirma Ruy.<\/p>\n<p>Em sua \u00e9poca de jogador, diferente de muitos ex-salonistas que j\u00e1 passaram pela s\u00e9rie e confessaram dividir o seu tempo de atleta com o de trabalhor fora das quatro linhas, Ruy n\u00e3o trabalhava, s\u00f3 estudava. Em umas de suas partidas atuando pelo Banespa, precisou ser retirado de cambur\u00e3o por conta de tamanha confus\u00e3o que aconteceu em Cameponato Estadual. O ex-piv\u00f4 conta que ap\u00f3s levar um pis\u00e3o na orelha do advers\u00e1rio ap\u00f3s ter marcado o gol que desclassificou a equipe da casa e classificou somente o Banespa &#8211; em caso de empate, ambos os times se classificariam -, no lance seguinte ele deu um suco por tr\u00e1s. O tumulto come\u00e7ou.<\/p>\n<p>&#8220;O treinador era o Sr. Renato Toni. O gin\u00e1sio estava lotado e o resultado era de 0 a 0 e clasificava as duas equipes. Eu estava no banco e seu Renato Toni me chamou para entrar no jogo, pediu um tempo e falou &#8220;pessoal, o jogo praticamente acabou , vamos s\u00f3 cercar&#8221;. Mas, quando faltavam apenas 15 segundos acabei marcando um gol daqueles bem xoxo que acabou desclassificando o time da cidade, s\u00f3 que quando fiz o gol eu ca\u00ed, e neste momento um jogador deles me deu um pis\u00e3o na orelha. Eu n\u00e3o vi mais nada e quando este jogador se dirigia com a bola para o centro da quadra dei-lhe um soco por tr\u00e1s. O gin\u00e1sio veio abaixo, sa\u00edmos correndo para o vesti\u00e1rio e ficamos trancados pois queriam nos matar. Al\u00e9m do time da casa ter perdido a classifica\u00e7\u00e3o eles queriam a mim, tive que sair de cambur\u00e3o apedrejado, peguei um m\u00eas de gancho e quase perdemos os pontos. Agora, imagine como o Sr. Renato Toni ficou comigo, quase me matou&#8221;, relata.<\/p>\n<p>Entre tantos acontecimentos na carreira de Ruy, o que mais foi marcou de modo negativo foi em uma partida n\u00e3o-oficial. Como \u00e9 comum desde \u00e9pocas passadas, jogadores que est\u00e3o de f\u00e9rias participam de jogos festivos. Com o atual empres\u00e1rio do ramo de confec\u00e7\u00e3o n\u00e3o foi diferente, e um que era para ser comemorativo se tornou o t\u00e9rmino da carreira do at\u00e9 ent\u00e3o jogador do Barcelona (ESP).<\/p>\n<p>&#8220;S\u00f3 n\u00e3o voltei para o Barcelona em 1987, pois de f\u00e9rias no Brasil fui convidado para fazer um jogo festivo. Era anivers\u00e1rio da cidade de Tatu\u00ed, quando aos cinco minutos de partida tive uma les\u00e3o ligamentar e minha carreira se encerrou de maneira frustante e precoce aos 27 anos&#8221;, confessa Ruy.<\/p>\n<figure id=\"attachment_28673\" aria-describedby=\"caption-attachment-28673\" style=\"width: 516px\" class=\"wp-caption aligncenter\"><img decoding=\"async\" class=\"wp-image-28673\" src=\"http:\/\/www.federacaopaulistadefutsal.com.br\/novo\/wp-content\/uploads\/2019\/03\/\u00edndice-5-1024x768.jpg\" alt=\"\" width=\"516\" height=\"387\" srcset=\"https:\/\/www.federacaopaulistadefutsal.com.br\/novo\/wp-content\/uploads\/2019\/03\/\u00edndice-5-1024x768.jpg 1024w, https:\/\/www.federacaopaulistadefutsal.com.br\/novo\/wp-content\/uploads\/2019\/03\/\u00edndice-5-300x225.jpg 300w, https:\/\/www.federacaopaulistadefutsal.com.br\/novo\/wp-content\/uploads\/2019\/03\/\u00edndice-5-768x576.jpg 768w, https:\/\/www.federacaopaulistadefutsal.com.br\/novo\/wp-content\/uploads\/2019\/03\/\u00edndice-5.jpg 1280w\" sizes=\"(max-width: 516px) 100vw, 516px\" \/><figcaption id=\"caption-attachment-28673\" class=\"wp-caption-text\">Ruy \u00e9 o primeiro agachado da esquerda para \u00e0 direita. (Foto: arquivo pessoal).<\/figcaption><\/figure>\n<p>Enquanto salonista conquistou in\u00fameros t\u00edtulos, e at\u00e9 hoje \u00e9 lembrado pelas suas gl\u00f3rias coletivas e individuais em quadras brasileiras e europ\u00e9ias: Campeonato Metropolitano Categorias de Base (5x campe\u00e3o); Campeonato Estadual (6x campe\u00e3o); Torneio In\u00edcio (4x campe\u00e3o); Ta\u00e7a Cidade de S\u00e3o Paulo (2x campe\u00e3o); Ta\u00e7a Continental (1x campe\u00e3o); Campeonato Metropolitano Categoria Principal; (3x) T\u00eanis de Ouro; (3x) Sel.Paulista; e(1x) Sel. dos melhores da Copa da Espanha.<\/p>\n<p>&nbsp;<\/p>\n<figure id=\"attachment_28676\" aria-describedby=\"caption-attachment-28676\" style=\"width: 494px\" class=\"wp-caption aligncenter\"><img decoding=\"async\" class=\"wp-image-28676\" src=\"http:\/\/www.federacaopaulistadefutsal.com.br\/novo\/wp-content\/uploads\/2019\/03\/00000-1024x646.jpg\" alt=\"\" width=\"494\" height=\"312\" srcset=\"https:\/\/www.federacaopaulistadefutsal.com.br\/novo\/wp-content\/uploads\/2019\/03\/00000-1024x646.jpg 1024w, https:\/\/www.federacaopaulistadefutsal.com.br\/novo\/wp-content\/uploads\/2019\/03\/00000-300x189.jpg 300w, https:\/\/www.federacaopaulistadefutsal.com.br\/novo\/wp-content\/uploads\/2019\/03\/00000-768x485.jpg 768w, https:\/\/www.federacaopaulistadefutsal.com.br\/novo\/wp-content\/uploads\/2019\/03\/00000.jpg 1280w\" sizes=\"(max-width: 494px) 100vw, 494px\" \/><figcaption id=\"caption-attachment-28676\" class=\"wp-caption-text\">Com a camisa da sele\u00e7\u00e3o paulista, Ruy \u00e9 o quarto da esquerda para \u00e0 direita. (Foto: arquivo pessoal).<\/figcaption><\/figure>\n<p>Atualmente com 58 anos, Ruy n\u00e3o n\u00e3o titumbeia quando perguntado sobre a longa jornada do futsal em se tornar um esporte olimp\u00edco. &#8220;Se virasse um esporte ol\u00edmpico, a m\u00eddia se faria mais presente valorizando de maneira substancial e, consequentemente, haveria mais divulga\u00e7\u00e3o das emissoras de televis\u00e3o, mas est\u00e1 pergunta \u00e9 dif\u00edcil at\u00e9 porque no Brasil a cultura do futebol de campo fala alto&#8221;, diz.<\/p>\n<figure id=\"attachment_28674\" aria-describedby=\"caption-attachment-28674\" style=\"width: 539px\" class=\"wp-caption aligncenter\"><img loading=\"lazy\" decoding=\"async\" class=\" wp-image-28674\" src=\"http:\/\/www.federacaopaulistadefutsal.com.br\/novo\/wp-content\/uploads\/2019\/03\/trtrtrtr-1024x569.jpg\" alt=\"\" width=\"539\" height=\"300\" srcset=\"https:\/\/www.federacaopaulistadefutsal.com.br\/novo\/wp-content\/uploads\/2019\/03\/trtrtrtr-1024x569.jpg 1024w, https:\/\/www.federacaopaulistadefutsal.com.br\/novo\/wp-content\/uploads\/2019\/03\/trtrtrtr-300x167.jpg 300w, https:\/\/www.federacaopaulistadefutsal.com.br\/novo\/wp-content\/uploads\/2019\/03\/trtrtrtr-768x427.jpg 768w, https:\/\/www.federacaopaulistadefutsal.com.br\/novo\/wp-content\/uploads\/2019\/03\/trtrtrtr-800x445.jpg 800w, https:\/\/www.federacaopaulistadefutsal.com.br\/novo\/wp-content\/uploads\/2019\/03\/trtrtrtr.jpg 1280w\" sizes=\"(max-width: 539px) 100vw, 539px\" \/><figcaption id=\"caption-attachment-28674\" class=\"wp-caption-text\">Ruy em mat\u00e9ria de jornal da Catalunha. (Foto: arquivo pessoal).<\/figcaption><\/figure>\n<p>&nbsp;<\/p>\n","protected":false},"excerpt":{"rendered":"<p>Em uma \u00e9poca onde o mercado internacional do futebol de sal\u00e3o n\u00e3o era muito comum \u00e0 atletas brasileiros como \u00e9<\/p>\n","protected":false},"author":2,"featured_media":28680,"comment_status":"open","ping_status":"open","sticky":false,"template":"","format":"standard","meta":{"footnotes":""},"categories":[2660,25,2651],"tags":[653,42,1130,1147,2686],"class_list":["post-28672","post","type-post","status-publish","format-standard","has-post-thumbnail","hentry","category-home-destaque","category-destaques","category-noticias","tag-competicoes","tag-fpfs","tag-futebol-de-salao","tag-futsal-masculino","tag-onde-tudo-comecou"],"_links":{"self":[{"href":"https:\/\/www.federacaopaulistadefutsal.com.br\/novo\/wp-json\/wp\/v2\/posts\/28672","targetHints":{"allow":["GET"]}}],"collection":[{"href":"https:\/\/www.federacaopaulistadefutsal.com.br\/novo\/wp-json\/wp\/v2\/posts"}],"about":[{"href":"https:\/\/www.federacaopaulistadefutsal.com.br\/novo\/wp-json\/wp\/v2\/types\/post"}],"author":[{"embeddable":true,"href":"https:\/\/www.federacaopaulistadefutsal.com.br\/novo\/wp-json\/wp\/v2\/users\/2"}],"replies":[{"embeddable":true,"href":"https:\/\/www.federacaopaulistadefutsal.com.br\/novo\/wp-json\/wp\/v2\/comments?post=28672"}],"version-history":[{"count":5,"href":"https:\/\/www.federacaopaulistadefutsal.com.br\/novo\/wp-json\/wp\/v2\/posts\/28672\/revisions"}],"predecessor-version":[{"id":28685,"href":"https:\/\/www.federacaopaulistadefutsal.com.br\/novo\/wp-json\/wp\/v2\/posts\/28672\/revisions\/28685"}],"wp:featuredmedia":[{"embeddable":true,"href":"https:\/\/www.federacaopaulistadefutsal.com.br\/novo\/wp-json\/wp\/v2\/media\/28680"}],"wp:attachment":[{"href":"https:\/\/www.federacaopaulistadefutsal.com.br\/novo\/wp-json\/wp\/v2\/media?parent=28672"}],"wp:term":[{"taxonomy":"category","embeddable":true,"href":"https:\/\/www.federacaopaulistadefutsal.com.br\/novo\/wp-json\/wp\/v2\/categories?post=28672"},{"taxonomy":"post_tag","embeddable":true,"href":"https:\/\/www.federacaopaulistadefutsal.com.br\/novo\/wp-json\/wp\/v2\/tags?post=28672"}],"curies":[{"name":"wp","href":"https:\/\/api.w.org\/{rel}","templated":true}]}}