{"id":28699,"date":"2019-04-01T12:12:37","date_gmt":"2019-04-01T12:12:37","guid":{"rendered":"http:\/\/www.federacaopaulistadefutsal.com.br\/novo\/?p=28699"},"modified":"2019-04-01T20:49:24","modified_gmt":"2019-04-01T20:49:24","slug":"presidente-da-fpfs-se-reune-com-dirigentes-para-debater-o-futsal-brasileiro","status":"publish","type":"post","link":"https:\/\/www.federacaopaulistadefutsal.com.br\/novo\/presidente-da-fpfs-se-reune-com-dirigentes-para-debater-o-futsal-brasileiro\/","title":{"rendered":"Presidente da FPFS se reune com dirigentes para debater o futsal brasileiro"},"content":{"rendered":"<p>O Presidente da Federa\u00e7\u00e3o Mineira de Futsal, Jos\u00e9 Raimundo de Carvalho, se reuniu na \u00faltima sexta (29\/3), na sede da Federa\u00e7\u00e3o Paulista de Futsal, em S\u00e3o Paulo, com presidentes de outras Federa\u00e7\u00f5es de Futsal para debater sobre o esporte da bola pesada.<\/p>\n<p>Jos\u00e9 Raimundo esteve com o Presidente da Federa\u00e7\u00e3o Pernambucana de Futsal, Luis Claudio e tamb\u00e9m com Presidente da Federa\u00e7\u00e3o Paulista de Futsal, Nilton Rom\u00e3o (foto).<\/p>\n<p>Entre os diversos temas debatidos em prol do futsal, o principal assunto foi sobre as categorias de base e como fortalecer e valorizar os jovens atletas que ser\u00e3o o futuro das quadras.<strong><br \/>\n<\/strong><\/p>\n<p>&nbsp;<\/p>\n","protected":false},"excerpt":{"rendered":"<p>O Presidente da Federa\u00e7\u00e3o Mineira de Futsal, Jos\u00e9 Raimundo de Carvalho, se reuniu na \u00faltima sexta (29\/3), na sede da<\/p>\n","protected":false},"author":2,"featured_media":28700,"comment_status":"open","ping_status":"open","sticky":false,"template":"","format":"standard","meta":{"footnotes":""},"categories":[2660,25,28,2651],"tags":[552,42,1131],"class_list":["post-28699","post","type-post","status-publish","format-standard","has-post-thumbnail","hentry","category-home-destaque","category-destaques","category-fpfs-acontece","category-noticias","tag-categorias-de-base","tag-fpfs","tag-futsal"],"_links":{"self":[{"href":"https:\/\/www.federacaopaulistadefutsal.com.br\/novo\/wp-json\/wp\/v2\/posts\/28699","targetHints":{"allow":["GET"]}}],"collection":[{"href":"https:\/\/www.federacaopaulistadefutsal.com.br\/novo\/wp-json\/wp\/v2\/posts"}],"about":[{"href":"https:\/\/www.federacaopaulistadefutsal.com.br\/novo\/wp-json\/wp\/v2\/types\/post"}],"author":[{"embeddable":true,"href":"https:\/\/www.federacaopaulistadefutsal.com.br\/novo\/wp-json\/wp\/v2\/users\/2"}],"replies":[{"embeddable":true,"href":"https:\/\/www.federacaopaulistadefutsal.com.br\/novo\/wp-json\/wp\/v2\/comments?post=28699"}],"version-history":[{"count":2,"href":"https:\/\/www.federacaopaulistadefutsal.com.br\/novo\/wp-json\/wp\/v2\/posts\/28699\/revisions"}],"predecessor-version":[{"id":28702,"href":"https:\/\/www.federacaopaulistadefutsal.com.br\/novo\/wp-json\/wp\/v2\/posts\/28699\/revisions\/28702"}],"wp:featuredmedia":[{"embeddable":true,"href":"https:\/\/www.federacaopaulistadefutsal.com.br\/novo\/wp-json\/wp\/v2\/media\/28700"}],"wp:attachment":[{"href":"https:\/\/www.federacaopaulistadefutsal.com.br\/novo\/wp-json\/wp\/v2\/media?parent=28699"}],"wp:term":[{"taxonomy":"category","embeddable":true,"href":"https:\/\/www.federacaopaulistadefutsal.com.br\/novo\/wp-json\/wp\/v2\/categories?post=28699"},{"taxonomy":"post_tag","embeddable":true,"href":"https:\/\/www.federacaopaulistadefutsal.com.br\/novo\/wp-json\/wp\/v2\/tags?post=28699"}],"curies":[{"name":"wp","href":"https:\/\/api.w.org\/{rel}","templated":true}]}}