{"id":28779,"date":"2019-04-08T20:26:58","date_gmt":"2019-04-08T20:26:58","guid":{"rendered":"http:\/\/www.federacaopaulistadefutsal.com.br\/novo\/?p=28779"},"modified":"2019-04-08T20:26:58","modified_gmt":"2019-04-08T20:26:58","slug":"ribeirao-pires-estreia-com-um-empate-e-uma-vitoria-no-metropolitano-iniciacao","status":"publish","type":"post","link":"https:\/\/www.federacaopaulistadefutsal.com.br\/novo\/ribeirao-pires-estreia-com-um-empate-e-uma-vitoria-no-metropolitano-iniciacao\/","title":{"rendered":"Ribeir\u00e3o Pires estreia com um empate e uma vit\u00f3ria no Metropolitano Inicia\u00e7\u00e3o"},"content":{"rendered":"<p>O Ribeir\u00e3o Pires estreou no Campeonato Metropolitano Inicia\u00e7\u00e3o no \u00faltimo s\u00e1bado (6\/04), contra a equipe do ACAP, no gin\u00e1sio Presidente Ciro II. As partidas dos times sub-8, 9 e 10 marcaram o in\u00edcio da competi\u00e7\u00e3o na temporada.<\/p>\n<p>Apenas em um jogo o Ribeir\u00e3o Pires saiu derrotado. Confira os resultados:<\/p>\n<p>Sub-8: RPFC 6 x 6 ACAP<br \/>\nSub-9: RPFC 0 x 1 ACAP<br \/>\nSub-10: RPFC 1 x 0<\/p>\n<p>&nbsp;<\/p>\n<p>&nbsp;<\/p>\n","protected":false},"excerpt":{"rendered":"<p>O Ribeir\u00e3o Pires estreou no Campeonato Metropolitano Inicia\u00e7\u00e3o no \u00faltimo s\u00e1bado (6\/04), contra a equipe do ACAP, no gin\u00e1sio Presidente<\/p>\n","protected":false},"author":2,"featured_media":28780,"comment_status":"open","ping_status":"open","sticky":false,"template":"","format":"standard","meta":{"footnotes":""},"categories":[33,12,2651],"tags":[554,653,42,2688],"class_list":["post-28779","post","type-post","status-publish","format-standard","has-post-thumbnail","hentry","category-menores","category-metropolitano-base-a1","category-noticias","tag-categorias-menores-futsal","tag-competicoes","tag-fpfs","tag-ribeirao-pires-f-c"],"_links":{"self":[{"href":"https:\/\/www.federacaopaulistadefutsal.com.br\/novo\/wp-json\/wp\/v2\/posts\/28779","targetHints":{"allow":["GET"]}}],"collection":[{"href":"https:\/\/www.federacaopaulistadefutsal.com.br\/novo\/wp-json\/wp\/v2\/posts"}],"about":[{"href":"https:\/\/www.federacaopaulistadefutsal.com.br\/novo\/wp-json\/wp\/v2\/types\/post"}],"author":[{"embeddable":true,"href":"https:\/\/www.federacaopaulistadefutsal.com.br\/novo\/wp-json\/wp\/v2\/users\/2"}],"replies":[{"embeddable":true,"href":"https:\/\/www.federacaopaulistadefutsal.com.br\/novo\/wp-json\/wp\/v2\/comments?post=28779"}],"version-history":[{"count":1,"href":"https:\/\/www.federacaopaulistadefutsal.com.br\/novo\/wp-json\/wp\/v2\/posts\/28779\/revisions"}],"predecessor-version":[{"id":28781,"href":"https:\/\/www.federacaopaulistadefutsal.com.br\/novo\/wp-json\/wp\/v2\/posts\/28779\/revisions\/28781"}],"wp:featuredmedia":[{"embeddable":true,"href":"https:\/\/www.federacaopaulistadefutsal.com.br\/novo\/wp-json\/wp\/v2\/media\/28780"}],"wp:attachment":[{"href":"https:\/\/www.federacaopaulistadefutsal.com.br\/novo\/wp-json\/wp\/v2\/media?parent=28779"}],"wp:term":[{"taxonomy":"category","embeddable":true,"href":"https:\/\/www.federacaopaulistadefutsal.com.br\/novo\/wp-json\/wp\/v2\/categories?post=28779"},{"taxonomy":"post_tag","embeddable":true,"href":"https:\/\/www.federacaopaulistadefutsal.com.br\/novo\/wp-json\/wp\/v2\/tags?post=28779"}],"curies":[{"name":"wp","href":"https:\/\/api.w.org\/{rel}","templated":true}]}}