{"id":28782,"date":"2019-04-09T12:24:56","date_gmt":"2019-04-09T12:24:56","guid":{"rendered":"http:\/\/www.federacaopaulistadefutsal.com.br\/novo\/?p=28782"},"modified":"2019-04-09T12:24:56","modified_gmt":"2019-04-09T12:24:56","slug":"selecao-brasileira-inicia-preparacao-para-duelos-contra-polonia-e-servia","status":"publish","type":"post","link":"https:\/\/www.federacaopaulistadefutsal.com.br\/novo\/selecao-brasileira-inicia-preparacao-para-duelos-contra-polonia-e-servia\/","title":{"rendered":"Sele\u00e7\u00e3o brasileira inicia prepara\u00e7\u00e3o para duelos contra Pol\u00f4nia e S\u00e9rvia"},"content":{"rendered":"<p>A Sele\u00e7\u00e3o embarca no pr\u00f3ximo domingo (7\/4) para a S\u00e9rvia, onde inicia uma nova s\u00e9rie de amistosos na Europa, entre os dias 10 e 16 de abril. Os s\u00e9rvios ser\u00e3o os primeiros advers\u00e1rios, com os amistosos marcados para os dias 10 e 12, \u00e0s 15h &#8211; hor\u00e1rio de Bras\u00edlia -, nas cidades de Nis e Belgrado, respectivamente.<\/p>\n<p><a href=\"http:\/\/www.cbfs.com.br\/2015\/noticias\/noticia.php?n=2502\"><strong>&gt;&gt; Confira a convoca\u00e7\u00e3o completa<\/strong><\/a><\/p>\n<p>O encontro n\u00e3o \u00e9 muito comum na modalidade, mas j\u00e1 trouxe momentos de decis\u00e3o. Em 2008, por exemplo, Brasil e S\u00e9rvia se enfrentaram no Grand Prix, realizado em Fortaleza (CE). A Sele\u00e7\u00e3o at\u00e9 venceu, mas em um jogo complicado que terminou com o placar marcando 4 a 2 para o Brasil ap\u00f3s sair atr\u00e1s no marcador.<\/p>\n<p>Depois dos dois jogos diante da S\u00e9rvia, a sele\u00e7\u00e3o brasileira pega a estrada para mais dois jogos, nos dias 14 e 16, contra a Pol\u00f4nia &#8211; repetindo amistoso realizado h\u00e1 um ano, em Uberaba, Minas Gerais. Naquela oportunidade, a Sele\u00e7\u00e3o bateu os poloneses duas vezes &#8211; a primeira por 3 a 1 e a segunda por 5 a 0.<\/p>\n<p>Vale lembrar que os amistosos seguem dentro do planejamento brasileiro para a disputa da Copa do Mundo de 2020. Como as partidas ser\u00e3o todas na Europa, o t\u00e9cnico Marquinhos Xavier fechou um grupo de convocados com atletas que atuam apenas no Velho Continente.<\/p>\n<p>Informa\u00e7\u00f5es: CBFS<br \/>\nFoto: Ricardo Artifon\/CBFS<\/p>\n","protected":false},"excerpt":{"rendered":"<p>A Sele\u00e7\u00e3o embarca no pr\u00f3ximo domingo (7\/4) para a S\u00e9rvia, onde inicia uma nova s\u00e9rie de amistosos na Europa, entre<\/p>\n","protected":false},"author":2,"featured_media":28783,"comment_status":"open","ping_status":"open","sticky":false,"template":"","format":"standard","meta":{"footnotes":""},"categories":[25,32,2651,35],"tags":[563,42,1147,2240],"class_list":["post-28782","post","type-post","status-publish","format-standard","has-post-thumbnail","hentry","category-destaques","category-maiores","category-noticias","category-selecao","tag-cbfs","tag-fpfs","tag-futsal-masculino","tag-selecao-brasileira"],"_links":{"self":[{"href":"https:\/\/www.federacaopaulistadefutsal.com.br\/novo\/wp-json\/wp\/v2\/posts\/28782","targetHints":{"allow":["GET"]}}],"collection":[{"href":"https:\/\/www.federacaopaulistadefutsal.com.br\/novo\/wp-json\/wp\/v2\/posts"}],"about":[{"href":"https:\/\/www.federacaopaulistadefutsal.com.br\/novo\/wp-json\/wp\/v2\/types\/post"}],"author":[{"embeddable":true,"href":"https:\/\/www.federacaopaulistadefutsal.com.br\/novo\/wp-json\/wp\/v2\/users\/2"}],"replies":[{"embeddable":true,"href":"https:\/\/www.federacaopaulistadefutsal.com.br\/novo\/wp-json\/wp\/v2\/comments?post=28782"}],"version-history":[{"count":1,"href":"https:\/\/www.federacaopaulistadefutsal.com.br\/novo\/wp-json\/wp\/v2\/posts\/28782\/revisions"}],"predecessor-version":[{"id":28784,"href":"https:\/\/www.federacaopaulistadefutsal.com.br\/novo\/wp-json\/wp\/v2\/posts\/28782\/revisions\/28784"}],"wp:featuredmedia":[{"embeddable":true,"href":"https:\/\/www.federacaopaulistadefutsal.com.br\/novo\/wp-json\/wp\/v2\/media\/28783"}],"wp:attachment":[{"href":"https:\/\/www.federacaopaulistadefutsal.com.br\/novo\/wp-json\/wp\/v2\/media?parent=28782"}],"wp:term":[{"taxonomy":"category","embeddable":true,"href":"https:\/\/www.federacaopaulistadefutsal.com.br\/novo\/wp-json\/wp\/v2\/categories?post=28782"},{"taxonomy":"post_tag","embeddable":true,"href":"https:\/\/www.federacaopaulistadefutsal.com.br\/novo\/wp-json\/wp\/v2\/tags?post=28782"}],"curies":[{"name":"wp","href":"https:\/\/api.w.org\/{rel}","templated":true}]}}