{"id":28812,"date":"2019-04-11T16:33:29","date_gmt":"2019-04-11T16:33:29","guid":{"rendered":"http:\/\/www.federacaopaulistadefutsal.com.br\/novo\/?p=28812"},"modified":"2019-04-11T16:33:29","modified_gmt":"2019-04-11T16:33:29","slug":"corinthians-vence-o-pinda-e-conquista-a-taca-sao-paulo-de-futsal-sub-20","status":"publish","type":"post","link":"https:\/\/www.federacaopaulistadefutsal.com.br\/novo\/corinthians-vence-o-pinda-e-conquista-a-taca-sao-paulo-de-futsal-sub-20\/","title":{"rendered":"Corinthians vence o Pinda e conquista a Ta\u00e7a S\u00e3o Paulo de Futsal Sub-20"},"content":{"rendered":"<p>Nesta ter\u00e7a-feira (09), o time sub-20 do Corinthians encarou o Pinda na decis\u00e3o da Ta\u00e7a S\u00e3o Paulo. O jogo foi realizado no Gin\u00e1sio da Federa\u00e7\u00e3o Paulista, na Penha. Em \u00f3tima partida, o Alvinegro goleou por 6 a 1 e conquistou o t\u00edtulo.<\/p>\n<p>Os gols dos campe\u00f5es foram marcados por: Gabriel Lacerda (2x), Kaue Pereira (2x), Jo\u00e3o Gabriel e Nairton.<\/p>\n<p>Com a goleada, o Corinthians consagrou com t\u00edtulo uma campanha 100%, com cinco vit\u00f3rias, 19 gols marcados e apenas sete sofridos. O Goleiro Vanderson, um dos destaques da campanha, falou sobre o trabalho da equipe na competi\u00e7\u00e3o.<\/p>\n<p>\u201cO t\u00edtulo coroa o trabalho que fizemos desde o come\u00e7o do ano, ficamos longe da fam\u00edlia, mas ainda bem que ganhamos a Ta\u00e7a S\u00e3o Paulo, que d\u00e1 confian\u00e7a para a disputa do Estadual e do Mundial na continua\u00e7\u00e3o da temporada\u201d, disse o atleta.<\/p>\n<p>O pr\u00f3ximo compromisso do Corinthians na categoria \u00e9 o Campeonato Paulista Sub-20, que come\u00e7a ainda este m\u00eas.<\/p>\n<p>Foto: Andr\u00e9 Anselmo<\/p>\n","protected":false},"excerpt":{"rendered":"<p>Nesta ter\u00e7a-feira (09), o time sub-20 do Corinthians encarou o Pinda na decis\u00e3o da Ta\u00e7a S\u00e3o Paulo. O jogo foi<\/p>\n","protected":false},"author":2,"featured_media":28813,"comment_status":"open","ping_status":"open","sticky":false,"template":"","format":"standard","meta":{"footnotes":""},"categories":[25,2651,39],"tags":[549,42,2151,2399],"class_list":["post-28812","post","type-post","status-publish","format-standard","has-post-thumbnail","hentry","category-destaques","category-noticias","category-taca-sao-paulo-de-futsal","tag-categoria-sub-20","tag-fpfs","tag-s-c-corinthians","tag-taca-sao-paulo-de-futsal"],"_links":{"self":[{"href":"https:\/\/www.federacaopaulistadefutsal.com.br\/novo\/wp-json\/wp\/v2\/posts\/28812","targetHints":{"allow":["GET"]}}],"collection":[{"href":"https:\/\/www.federacaopaulistadefutsal.com.br\/novo\/wp-json\/wp\/v2\/posts"}],"about":[{"href":"https:\/\/www.federacaopaulistadefutsal.com.br\/novo\/wp-json\/wp\/v2\/types\/post"}],"author":[{"embeddable":true,"href":"https:\/\/www.federacaopaulistadefutsal.com.br\/novo\/wp-json\/wp\/v2\/users\/2"}],"replies":[{"embeddable":true,"href":"https:\/\/www.federacaopaulistadefutsal.com.br\/novo\/wp-json\/wp\/v2\/comments?post=28812"}],"version-history":[{"count":2,"href":"https:\/\/www.federacaopaulistadefutsal.com.br\/novo\/wp-json\/wp\/v2\/posts\/28812\/revisions"}],"predecessor-version":[{"id":28815,"href":"https:\/\/www.federacaopaulistadefutsal.com.br\/novo\/wp-json\/wp\/v2\/posts\/28812\/revisions\/28815"}],"wp:featuredmedia":[{"embeddable":true,"href":"https:\/\/www.federacaopaulistadefutsal.com.br\/novo\/wp-json\/wp\/v2\/media\/28813"}],"wp:attachment":[{"href":"https:\/\/www.federacaopaulistadefutsal.com.br\/novo\/wp-json\/wp\/v2\/media?parent=28812"}],"wp:term":[{"taxonomy":"category","embeddable":true,"href":"https:\/\/www.federacaopaulistadefutsal.com.br\/novo\/wp-json\/wp\/v2\/categories?post=28812"},{"taxonomy":"post_tag","embeddable":true,"href":"https:\/\/www.federacaopaulistadefutsal.com.br\/novo\/wp-json\/wp\/v2\/tags?post=28812"}],"curies":[{"name":"wp","href":"https:\/\/api.w.org\/{rel}","templated":true}]}}